{"id":6054,"date":"2023-08-12T10:38:00","date_gmt":"2023-08-12T08:38:00","guid":{"rendered":"https:\/\/www.kunstloft.de\/magazin\/?p=6054"},"modified":"2023-08-28T17:47:52","modified_gmt":"2023-08-28T15:47:52","slug":"sommerdeko-ideen","status":"publish","type":"post","link":"https:\/\/www.kunstloft.ch\/magazin\/sommerdeko-ideen\/","title":{"rendered":"Sommerdeko-Ideen f\u00fcr ein kunstvolles Zuhause"},"content":{"rendered":"\t\t<div data-elementor-type=\"wp-post\" data-elementor-id=\"6054\" class=\"elementor elementor-6054\">\n\t\t\t\t\t\t<section class=\"elementor-section elementor-top-section elementor-element elementor-element-cdd8182 elementor-section-boxed elementor-section-height-default elementor-section-height-default\" data-id=\"cdd8182\" data-element_type=\"section\">\n\t\t\t\t\t\t<div class=\"elementor-container elementor-column-gap-default\">\n\t\t\t\t\t<div class=\"elementor-column elementor-col-50 elementor-top-column elementor-element elementor-element-aeb2b8f\" data-id=\"aeb2b8f\" data-element_type=\"column\">\n\t\t\t<div class=\"elementor-widget-wrap elementor-element-populated\">\n\t\t\t\t\t\t<div class=\"elementor-element elementor-element-4055b50 elementor-widget elementor-widget-image\" data-id=\"4055b50\" data-element_type=\"widget\" data-widget_type=\"image.default\">\n\t\t\t\t<div class=\"elementor-widget-container\">\n\t\t\t\t\t\t\t\t\t\t\t\t\t\t\t<img fetchpriority=\"high\" decoding=\"async\" width=\"950\" height=\"506\" src=\"https:\/\/www.kunstloft.ch\/magazin\/wp-content\/uploads\/2023\/08\/kl05428-beaches-blue-colorful-acrylic-paintings-acrylic-pictures-canvas-modern-art-1024x545.png\" class=\"attachment-large size-large wp-image-6141\" alt=\"\" srcset=\"https:\/\/www.kunstloft.ch\/magazin\/wp-content\/uploads\/2023\/08\/kl05428-beaches-blue-colorful-acrylic-paintings-acrylic-pictures-canvas-modern-art-1024x545.png 1024w, https:\/\/www.kunstloft.ch\/magazin\/wp-content\/uploads\/2023\/08\/kl05428-beaches-blue-colorful-acrylic-paintings-acrylic-pictures-canvas-modern-art-300x160.png 300w, https:\/\/www.kunstloft.ch\/magazin\/wp-content\/uploads\/2023\/08\/kl05428-beaches-blue-colorful-acrylic-paintings-acrylic-pictures-canvas-modern-art-768x409.png 768w, https:\/\/www.kunstloft.ch\/magazin\/wp-content\/uploads\/2023\/08\/kl05428-beaches-blue-colorful-acrylic-paintings-acrylic-pictures-canvas-modern-art-1536x818.png 1536w, https:\/\/www.kunstloft.ch\/magazin\/wp-content\/uploads\/2023\/08\/kl05428-beaches-blue-colorful-acrylic-paintings-acrylic-pictures-canvas-modern-art-640x341.png 640w, https:\/\/www.kunstloft.ch\/magazin\/wp-content\/uploads\/2023\/08\/kl05428-beaches-blue-colorful-acrylic-paintings-acrylic-pictures-canvas-modern-art.png 1920w\" sizes=\"100vw\" \/>\t\t\t\t\t\t\t\t\t\t\t\t\t\t\t<\/div>\n\t\t\t\t<\/div>\n\t\t\t\t\t<\/div>\n\t\t<\/div>\n\t\t\t\t<div class=\"elementor-column elementor-col-50 elementor-top-column elementor-element elementor-element-09900e2\" data-id=\"09900e2\" data-element_type=\"column\">\n\t\t\t<div class=\"elementor-widget-wrap elementor-element-populated\">\n\t\t\t\t\t\t<div class=\"elementor-element elementor-element-c5801d6 elementor-widget elementor-widget-heading\" data-id=\"c5801d6\" data-element_type=\"widget\" data-widget_type=\"heading.default\">\n\t\t\t\t<div class=\"elementor-widget-container\">\n\t\t\t\t\t<h1 class=\"elementor-heading-title elementor-size-default\">Sommerdeko-Ideen f\u00fcr ein kunstvolles Zuhause<\/h1>\t\t\t\t<\/div>\n\t\t\t\t<\/div>\n\t\t\t\t\t<\/div>\n\t\t<\/div>\n\t\t\t\t\t<\/div>\n\t\t<\/section>\n\t\t\t\t<section class=\"elementor-section elementor-top-section elementor-element elementor-element-b4d69cc elementor-section-boxed elementor-section-height-default elementor-section-height-default\" data-id=\"b4d69cc\" data-element_type=\"section\">\n\t\t\t\t\t\t<div class=\"elementor-container elementor-column-gap-default\">\n\t\t\t\t\t<div class=\"elementor-column elementor-col-100 elementor-top-column elementor-element elementor-element-6202ac2\" data-id=\"6202ac2\" data-element_type=\"column\">\n\t\t\t<div class=\"elementor-widget-wrap elementor-element-populated\">\n\t\t\t\t\t\t<div class=\"elementor-element elementor-element-25250cc elementor-widget elementor-widget-text-editor\" data-id=\"25250cc\" data-element_type=\"widget\" data-widget_type=\"text-editor.default\">\n\t\t\t\t<div class=\"elementor-widget-container\">\n\t\t\t\t\t\t\t\t\t<p>Der Sommer ist die Zeit, in der die Natur in voller Bl\u00fcte steht und uns mit strahlendem Sonnenschein verw\u00f6hnt. Warum also nicht auch unser Zuhause in eine Oase der Sommerfreuden verwandeln? Mit der richtigen Sommerdeko wird Ihre Einrichtung zu einem Ort, an dem Sie die warmen Tage in vollen Z\u00fcgen genie\u00dfen k\u00f6nnen. In diesem Artikel pr\u00e4sentieren wir Ihnen eine F\u00fclle von inspirierenden Ideen, wie Sie mit Kunst und Dekoration das Flair des Sommers in Ihre vier W\u00e4nde zaubern k\u00f6nnen.<\/p><p><strong>Inhaltsverzeichnis<\/strong><\/p><ul><li><a href=\"#farbpalette\">Strahlende Farbpalette: Sommerliche Nuancen f\u00fcr jeden Raum<\/a><\/li><li><a href=\"#natuerlich\">Nat\u00fcrliche Elemente: Holen Sie die Natur nach drinnen<\/a><\/li><li><a href=\"#textilien\">Leichte Stoffe und luftige Textilien: Ein Hauch von Leichtigkeit<\/a><\/li><li><a href=\"#sommerhauch\">Kreative Wandgestaltung: Ein Hauch von Sommer an den W\u00e4nden<\/a><\/li><li><a href=\"#sommergenuss\">Inniger Sommergenuss: Ein Zuhause voller W\u00e4rme und Freude<\/a><\/li><\/ul>\t\t\t\t\t\t\t\t<\/div>\n\t\t\t\t<\/div>\n\t\t\t\t\t<\/div>\n\t\t<\/div>\n\t\t\t\t\t<\/div>\n\t\t<\/section>\n\t\t\t\t<section class=\"elementor-section elementor-top-section elementor-element elementor-element-3caaf63 elementor-section-boxed elementor-section-height-default elementor-section-height-default\" data-id=\"3caaf63\" data-element_type=\"section\">\n\t\t\t\t\t\t<div class=\"elementor-container elementor-column-gap-default\">\n\t\t\t\t\t<div class=\"elementor-column elementor-col-100 elementor-top-column elementor-element elementor-element-fe8b53b\" data-id=\"fe8b53b\" data-element_type=\"column\">\n\t\t\t<div class=\"elementor-widget-wrap elementor-element-populated\">\n\t\t\t\t\t\t<div class=\"elementor-element elementor-element-eec8226 elementor-widget elementor-widget-heading\" data-id=\"eec8226\" data-element_type=\"widget\" id=\"farbpalette\" data-widget_type=\"heading.default\">\n\t\t\t\t<div class=\"elementor-widget-container\">\n\t\t\t\t\t<h2 class=\"elementor-heading-title elementor-size-default\">Strahlende Farbpalette: Sommerliche Nuancen f\u00fcr jeden Raum<\/h2>\t\t\t\t<\/div>\n\t\t\t\t<\/div>\n\t\t\t\t\t<\/div>\n\t\t<\/div>\n\t\t\t\t\t<\/div>\n\t\t<\/section>\n\t\t\t\t<section class=\"elementor-section elementor-top-section elementor-element elementor-element-68cac9b elementor-section-boxed elementor-section-height-default elementor-section-height-default\" data-id=\"68cac9b\" data-element_type=\"section\">\n\t\t\t\t\t\t<div class=\"elementor-container elementor-column-gap-default\">\n\t\t\t\t\t<div class=\"elementor-column elementor-col-100 elementor-top-column elementor-element elementor-element-56443fa\" data-id=\"56443fa\" data-element_type=\"column\">\n\t\t\t<div class=\"elementor-widget-wrap elementor-element-populated\">\n\t\t\t\t\t\t<div class=\"elementor-element elementor-element-6737d55 elementor-widget elementor-widget-text-editor\" data-id=\"6737d55\" data-element_type=\"widget\" data-widget_type=\"text-editor.default\">\n\t\t\t\t<div class=\"elementor-widget-container\">\n\t\t\t\t\t\t\t\t\t<p>Eine der einfachsten M\u00f6glichkeiten, den Sommer in Ihre Einrichtung zu bringen, ist die Wahl einer strahlenden Farbpalette. Sanftes Blau, leuchtendes Gelb und frisches Gr\u00fcn sind Farben, die sofort an warme Tage erinnern. Integrieren Sie diese Farben in Ihre Kunstwerke, Kissenbez\u00fcge und sogar Teppiche. Ein handgemaltes Acrylbild mit bl\u00fchenden Blumen oder ein abstraktes Kunstwerk in intensiven Farben wird zum Blickfang in jedem Raum und verbreitet sommerliche Lebensfreude.<\/p>\t\t\t\t\t\t\t\t<\/div>\n\t\t\t\t<\/div>\n\t\t\t\t\t<\/div>\n\t\t<\/div>\n\t\t\t\t\t<\/div>\n\t\t<\/section>\n\t\t\t\t<section class=\"elementor-section elementor-top-section elementor-element elementor-element-a95e9fe elementor-section-boxed elementor-section-height-default elementor-section-height-default\" data-id=\"a95e9fe\" data-element_type=\"section\">\n\t\t\t\t\t\t<div class=\"elementor-container elementor-column-gap-default\">\n\t\t\t\t\t<div class=\"elementor-column elementor-col-50 elementor-top-column elementor-element elementor-element-923c14b\" data-id=\"923c14b\" data-element_type=\"column\">\n\t\t\t<div class=\"elementor-widget-wrap elementor-element-populated\">\n\t\t\t\t\t\t<div class=\"elementor-element elementor-element-987afbd elementor-widget elementor-widget-image\" data-id=\"987afbd\" data-element_type=\"widget\" data-widget_type=\"image.default\">\n\t\t\t\t<div class=\"elementor-widget-container\">\n\t\t\t\t\t\t\t\t\t\t\t\t\t\t\t\t<a href=\"https:\/\/www.kunstloft.ch\/7078-acryl-gemaelde-fruechte-des-suedens\/\">\n\t\t\t\t\t\t\t<img decoding=\"async\" width=\"950\" height=\"634\" src=\"https:\/\/www.kunstloft.ch\/magazin\/wp-content\/uploads\/2023\/08\/kl06446-fruit-yellow-acrylic-paintings-canvas-modern-art-01-1024x683.jpg\" class=\"elementor-animation-grow attachment-large size-large wp-image-6142\" alt=\"\" srcset=\"https:\/\/www.kunstloft.ch\/magazin\/wp-content\/uploads\/2023\/08\/kl06446-fruit-yellow-acrylic-paintings-canvas-modern-art-01-1024x683.jpg 1024w, https:\/\/www.kunstloft.ch\/magazin\/wp-content\/uploads\/2023\/08\/kl06446-fruit-yellow-acrylic-paintings-canvas-modern-art-01-300x200.jpg 300w, https:\/\/www.kunstloft.ch\/magazin\/wp-content\/uploads\/2023\/08\/kl06446-fruit-yellow-acrylic-paintings-canvas-modern-art-01-768x512.jpg 768w, https:\/\/www.kunstloft.ch\/magazin\/wp-content\/uploads\/2023\/08\/kl06446-fruit-yellow-acrylic-paintings-canvas-modern-art-01-1536x1024.jpg 1536w, https:\/\/www.kunstloft.ch\/magazin\/wp-content\/uploads\/2023\/08\/kl06446-fruit-yellow-acrylic-paintings-canvas-modern-art-01.jpg 1920w\" sizes=\"100vw\" \/>\t\t\t\t\t\t\t\t<\/a>\n\t\t\t\t\t\t\t\t\t\t\t\t\t\t\t<\/div>\n\t\t\t\t<\/div>\n\t\t\t\t<div class=\"elementor-element elementor-element-cba316a elementor-widget elementor-widget-text-editor\" data-id=\"cba316a\" data-element_type=\"widget\" data-widget_type=\"text-editor.default\">\n\t\t\t\t<div class=\"elementor-widget-container\">\n\t\t\t\t\t\t\t\t\t<p style=\"text-align: center;\"><strong><a href=\"https:\/\/www.kunstloft.ch\/7078-acryl-gemaelde-fruechte-des-suedens\/\">Handgemaltes Gem\u00e4lde<br \/>&#8218;Fr\u00fcchte des S\u00fcdens&#8216;<\/a><\/strong><\/p>\t\t\t\t\t\t\t\t<\/div>\n\t\t\t\t<\/div>\n\t\t\t\t\t<\/div>\n\t\t<\/div>\n\t\t\t\t<div class=\"elementor-column elementor-col-50 elementor-top-column elementor-element elementor-element-6413f2b\" data-id=\"6413f2b\" data-element_type=\"column\">\n\t\t\t<div class=\"elementor-widget-wrap elementor-element-populated\">\n\t\t\t\t\t\t<div class=\"elementor-element elementor-element-83fec25 elementor-widget elementor-widget-image\" data-id=\"83fec25\" data-element_type=\"widget\" data-widget_type=\"image.default\">\n\t\t\t\t<div class=\"elementor-widget-container\">\n\t\t\t\t\t\t\t\t\t\t\t\t\t\t\t\t<a href=\"https:\/\/www.kunstloft.ch\/586-acryl-gemaelde-hafenromantik\/\">\n\t\t\t\t\t\t\t<img decoding=\"async\" width=\"950\" height=\"634\" src=\"https:\/\/www.kunstloft.ch\/magazin\/wp-content\/uploads\/2023\/08\/kl00592-deco-boat-sea-blue-gray-modern-acrylic-painting-oil-picture-02-1024x683.jpg\" class=\"elementor-animation-grow attachment-large size-large wp-image-6131\" alt=\"\" srcset=\"https:\/\/www.kunstloft.ch\/magazin\/wp-content\/uploads\/2023\/08\/kl00592-deco-boat-sea-blue-gray-modern-acrylic-painting-oil-picture-02-1024x683.jpg 1024w, https:\/\/www.kunstloft.ch\/magazin\/wp-content\/uploads\/2023\/08\/kl00592-deco-boat-sea-blue-gray-modern-acrylic-painting-oil-picture-02-300x200.jpg 300w, https:\/\/www.kunstloft.ch\/magazin\/wp-content\/uploads\/2023\/08\/kl00592-deco-boat-sea-blue-gray-modern-acrylic-painting-oil-picture-02-768x512.jpg 768w, https:\/\/www.kunstloft.ch\/magazin\/wp-content\/uploads\/2023\/08\/kl00592-deco-boat-sea-blue-gray-modern-acrylic-painting-oil-picture-02-1536x1024.jpg 1536w, https:\/\/www.kunstloft.ch\/magazin\/wp-content\/uploads\/2023\/08\/kl00592-deco-boat-sea-blue-gray-modern-acrylic-painting-oil-picture-02.jpg 1920w\" sizes=\"100vw\" \/>\t\t\t\t\t\t\t\t<\/a>\n\t\t\t\t\t\t\t\t\t\t\t\t\t\t\t<\/div>\n\t\t\t\t<\/div>\n\t\t\t\t<div class=\"elementor-element elementor-element-aab1ba9 elementor-widget elementor-widget-text-editor\" data-id=\"aab1ba9\" data-element_type=\"widget\" data-widget_type=\"text-editor.default\">\n\t\t\t\t<div class=\"elementor-widget-container\">\n\t\t\t\t\t\t\t\t\t<p style=\"text-align: center;\"><strong><a href=\"https:\/\/www.kunstloft.ch\/586-acryl-gemaelde-hafenromantik\/\">Handgemaltes Gem\u00e4lde<br \/>&#8218;Hafenromantik&#8216;<\/a><\/strong><\/p>\t\t\t\t\t\t\t\t<\/div>\n\t\t\t\t<\/div>\n\t\t\t\t\t<\/div>\n\t\t<\/div>\n\t\t\t\t\t<\/div>\n\t\t<\/section>\n\t\t\t\t<section class=\"elementor-section elementor-top-section elementor-element elementor-element-b625f00 elementor-section-boxed elementor-section-height-default elementor-section-height-default\" data-id=\"b625f00\" data-element_type=\"section\">\n\t\t\t\t\t\t<div class=\"elementor-container elementor-column-gap-default\">\n\t\t\t\t\t<div class=\"elementor-column elementor-col-50 elementor-top-column elementor-element elementor-element-2ef8e3c\" data-id=\"2ef8e3c\" data-element_type=\"column\">\n\t\t\t<div class=\"elementor-widget-wrap elementor-element-populated\">\n\t\t\t\t\t\t<div class=\"elementor-element elementor-element-2253cd4 elementor-widget elementor-widget-image\" data-id=\"2253cd4\" data-element_type=\"widget\" data-widget_type=\"image.default\">\n\t\t\t\t<div class=\"elementor-widget-container\">\n\t\t\t\t\t\t\t\t\t\t\t\t\t\t\t\t<a href=\"https:\/\/www.kunstloft.ch\/248-acryl-gemaelde-der-sommer-meines-lebens\/\">\n\t\t\t\t\t\t\t<img loading=\"lazy\" decoding=\"async\" width=\"950\" height=\"634\" src=\"https:\/\/www.kunstloft.ch\/magazin\/wp-content\/uploads\/2023\/08\/kl00227-landscape-cypress-france-italia-south-europe-field-modern-acrylic-paint-oil-picture-oil-1024x683.jpg\" class=\"elementor-animation-grow attachment-large size-large wp-image-6129\" alt=\"\" srcset=\"https:\/\/www.kunstloft.ch\/magazin\/wp-content\/uploads\/2023\/08\/kl00227-landscape-cypress-france-italia-south-europe-field-modern-acrylic-paint-oil-picture-oil-1024x683.jpg 1024w, https:\/\/www.kunstloft.ch\/magazin\/wp-content\/uploads\/2023\/08\/kl00227-landscape-cypress-france-italia-south-europe-field-modern-acrylic-paint-oil-picture-oil-300x200.jpg 300w, https:\/\/www.kunstloft.ch\/magazin\/wp-content\/uploads\/2023\/08\/kl00227-landscape-cypress-france-italia-south-europe-field-modern-acrylic-paint-oil-picture-oil-768x512.jpg 768w, https:\/\/www.kunstloft.ch\/magazin\/wp-content\/uploads\/2023\/08\/kl00227-landscape-cypress-france-italia-south-europe-field-modern-acrylic-paint-oil-picture-oil-1536x1024.jpg 1536w, https:\/\/www.kunstloft.ch\/magazin\/wp-content\/uploads\/2023\/08\/kl00227-landscape-cypress-france-italia-south-europe-field-modern-acrylic-paint-oil-picture-oil.jpg 1920w\" sizes=\"100vw\" \/>\t\t\t\t\t\t\t\t<\/a>\n\t\t\t\t\t\t\t\t\t\t\t\t\t\t\t<\/div>\n\t\t\t\t<\/div>\n\t\t\t\t<div class=\"elementor-element elementor-element-325c68b elementor-widget elementor-widget-text-editor\" data-id=\"325c68b\" data-element_type=\"widget\" data-widget_type=\"text-editor.default\">\n\t\t\t\t<div class=\"elementor-widget-container\">\n\t\t\t\t\t\t\t\t\t<p style=\"text-align: center;\"><strong><a href=\"https:\/\/www.kunstloft.ch\/248-acryl-gemaelde-der-sommer-meines-lebens\/\">Handgemaltes Gem\u00e4lde <br \/>Der Sommer meines Lebens&#8216;<\/a><\/strong><\/p>\t\t\t\t\t\t\t\t<\/div>\n\t\t\t\t<\/div>\n\t\t\t\t\t<\/div>\n\t\t<\/div>\n\t\t\t\t<div class=\"elementor-column elementor-col-50 elementor-top-column elementor-element elementor-element-f0c4bd2\" data-id=\"f0c4bd2\" data-element_type=\"column\">\n\t\t\t<div class=\"elementor-widget-wrap elementor-element-populated\">\n\t\t\t\t\t\t<div class=\"elementor-element elementor-element-cadfcd3 elementor-widget elementor-widget-image\" data-id=\"cadfcd3\" data-element_type=\"widget\" data-widget_type=\"image.default\">\n\t\t\t\t<div class=\"elementor-widget-container\">\n\t\t\t\t\t\t\t\t\t\t\t\t\t\t\t\t<a href=\"https:\/\/www.kunstloft.ch\/561-acryl-gemaelde-bright-future\/\">\n\t\t\t\t\t\t\t<img loading=\"lazy\" decoding=\"async\" width=\"950\" height=\"634\" src=\"https:\/\/www.kunstloft.ch\/magazin\/wp-content\/uploads\/2023\/08\/kl00528-abstract-art-in-pink-yellow-blue-rainbow-modern-acrylic-painting-oil-painting-01-1024x683.jpg\" class=\"elementor-animation-grow attachment-large size-large wp-image-6130\" alt=\"\" srcset=\"https:\/\/www.kunstloft.ch\/magazin\/wp-content\/uploads\/2023\/08\/kl00528-abstract-art-in-pink-yellow-blue-rainbow-modern-acrylic-painting-oil-painting-01-1024x683.jpg 1024w, https:\/\/www.kunstloft.ch\/magazin\/wp-content\/uploads\/2023\/08\/kl00528-abstract-art-in-pink-yellow-blue-rainbow-modern-acrylic-painting-oil-painting-01-300x200.jpg 300w, https:\/\/www.kunstloft.ch\/magazin\/wp-content\/uploads\/2023\/08\/kl00528-abstract-art-in-pink-yellow-blue-rainbow-modern-acrylic-painting-oil-painting-01-768x512.jpg 768w, https:\/\/www.kunstloft.ch\/magazin\/wp-content\/uploads\/2023\/08\/kl00528-abstract-art-in-pink-yellow-blue-rainbow-modern-acrylic-painting-oil-painting-01-1536x1024.jpg 1536w, https:\/\/www.kunstloft.ch\/magazin\/wp-content\/uploads\/2023\/08\/kl00528-abstract-art-in-pink-yellow-blue-rainbow-modern-acrylic-painting-oil-painting-01.jpg 1920w\" sizes=\"100vw\" \/>\t\t\t\t\t\t\t\t<\/a>\n\t\t\t\t\t\t\t\t\t\t\t\t\t\t\t<\/div>\n\t\t\t\t<\/div>\n\t\t\t\t<div class=\"elementor-element elementor-element-d405bc6 elementor-widget elementor-widget-text-editor\" data-id=\"d405bc6\" data-element_type=\"widget\" data-widget_type=\"text-editor.default\">\n\t\t\t\t<div class=\"elementor-widget-container\">\n\t\t\t\t\t\t\t\t\t<p style=\"text-align: center;\"><a href=\"https:\/\/www.kunstloft.ch\/561-acryl-gemaelde-bright-future\/\" target=\"_blank\" rel=\"noopener\"><b>Handgemaltes Gem\u00e4lde <br \/>&#8218;Bright Future&#8216;<\/b><\/a><\/p>\t\t\t\t\t\t\t\t<\/div>\n\t\t\t\t<\/div>\n\t\t\t\t\t<\/div>\n\t\t<\/div>\n\t\t\t\t\t<\/div>\n\t\t<\/section>\n\t\t\t\t<section class=\"elementor-section elementor-top-section elementor-element elementor-element-7a3b16f elementor-section-boxed elementor-section-height-default elementor-section-height-default\" data-id=\"7a3b16f\" data-element_type=\"section\">\n\t\t\t\t\t\t<div class=\"elementor-container elementor-column-gap-default\">\n\t\t\t\t\t<div class=\"elementor-column elementor-col-100 elementor-top-column elementor-element elementor-element-94c0e0e\" data-id=\"94c0e0e\" data-element_type=\"column\">\n\t\t\t<div class=\"elementor-widget-wrap elementor-element-populated\">\n\t\t\t\t\t\t<div class=\"elementor-element elementor-element-40b0ab7 elementor-widget elementor-widget-spacer\" data-id=\"40b0ab7\" data-element_type=\"widget\" data-widget_type=\"spacer.default\">\n\t\t\t\t<div class=\"elementor-widget-container\">\n\t\t\t\t\t\t\t<div class=\"elementor-spacer\">\n\t\t\t<div class=\"elementor-spacer-inner\"><\/div>\n\t\t<\/div>\n\t\t\t\t\t\t<\/div>\n\t\t\t\t<\/div>\n\t\t\t\t\t<\/div>\n\t\t<\/div>\n\t\t\t\t\t<\/div>\n\t\t<\/section>\n\t\t\t\t<section class=\"elementor-section elementor-top-section elementor-element elementor-element-31bfaae elementor-section-boxed elementor-section-height-default elementor-section-height-default\" data-id=\"31bfaae\" data-element_type=\"section\">\n\t\t\t\t\t\t<div class=\"elementor-container elementor-column-gap-default\">\n\t\t\t\t\t<div class=\"elementor-column elementor-col-100 elementor-top-column elementor-element elementor-element-130ab6a\" data-id=\"130ab6a\" data-element_type=\"column\">\n\t\t\t<div class=\"elementor-widget-wrap elementor-element-populated\">\n\t\t\t\t\t\t<div class=\"elementor-element elementor-element-978332d elementor-widget elementor-widget-heading\" data-id=\"978332d\" data-element_type=\"widget\" id=\"natuerlich\" data-widget_type=\"heading.default\">\n\t\t\t\t<div class=\"elementor-widget-container\">\n\t\t\t\t\t<h2 class=\"elementor-heading-title elementor-size-default\">Nat\u00fcrliche Elemente: Holen Sie die Natur nach drinnen<\/h2>\t\t\t\t<\/div>\n\t\t\t\t<\/div>\n\t\t\t\t\t<\/div>\n\t\t<\/div>\n\t\t\t\t\t<\/div>\n\t\t<\/section>\n\t\t\t\t<section class=\"elementor-section elementor-top-section elementor-element elementor-element-a1e57cd elementor-section-boxed elementor-section-height-default elementor-section-height-default\" data-id=\"a1e57cd\" data-element_type=\"section\">\n\t\t\t\t\t\t<div class=\"elementor-container elementor-column-gap-default\">\n\t\t\t\t\t<div class=\"elementor-column elementor-col-100 elementor-top-column elementor-element elementor-element-76fb188\" data-id=\"76fb188\" data-element_type=\"column\">\n\t\t\t<div class=\"elementor-widget-wrap elementor-element-populated\">\n\t\t\t\t\t\t<div class=\"elementor-element elementor-element-799c39b elementor-widget elementor-widget-text-editor\" data-id=\"799c39b\" data-element_type=\"widget\" data-widget_type=\"text-editor.default\">\n\t\t\t\t<div class=\"elementor-widget-container\">\n\t\t\t\t\t\t\t\t\t<p>Der Sommer bringt die Natur in vollem Glanz hervor, und Ihre Dekoration sollte diesem Trend folgen. Verwenden Sie nat\u00fcrliche Elemente wie Holz, Muscheln oder getrocknete Blumen, um einen Hauch von Drau\u00dfen nach Drinnen zu bringen. Wandbilder aus Holz oder mit Holzelementen transportieren den Geruch des Waldes in Ihr Wohnzimmer, w\u00e4hrend ein Arrangement aus getrockneten Blumen auf einem handgemalten Bild den Raum mit einem dezenten blumigen Duft erf\u00fcllt.<\/p>\t\t\t\t\t\t\t\t<\/div>\n\t\t\t\t<\/div>\n\t\t\t\t\t<\/div>\n\t\t<\/div>\n\t\t\t\t\t<\/div>\n\t\t<\/section>\n\t\t\t\t<section class=\"elementor-section elementor-top-section elementor-element elementor-element-30c94c0 elementor-section-boxed elementor-section-height-default elementor-section-height-default\" data-id=\"30c94c0\" data-element_type=\"section\">\n\t\t\t\t\t\t<div class=\"elementor-container elementor-column-gap-default\">\n\t\t\t\t\t<div class=\"elementor-column elementor-col-25 elementor-top-column elementor-element elementor-element-266317a\" data-id=\"266317a\" data-element_type=\"column\">\n\t\t\t<div class=\"elementor-widget-wrap elementor-element-populated\">\n\t\t\t\t\t\t<div class=\"elementor-element elementor-element-76b2bb4 elementor-widget elementor-widget-image\" data-id=\"76b2bb4\" data-element_type=\"widget\" data-widget_type=\"image.default\">\n\t\t\t\t<div class=\"elementor-widget-container\">\n\t\t\t\t\t\t\t\t\t\t\t\t\t\t\t\t<a href=\"https:\/\/www.kunstloft.ch\/6000-holzbild-3d-ewiger-fruehling\/\">\n\t\t\t\t\t\t\t<img loading=\"lazy\" decoding=\"async\" width=\"950\" height=\"634\" src=\"https:\/\/www.kunstloft.ch\/magazin\/wp-content\/uploads\/2023\/08\/kl05408-forest-trees-brown-wood-pictures-wood-painting-relief-handmade-modern-01-1024x683.jpg\" class=\"elementor-animation-grow attachment-large size-large wp-image-6140\" alt=\"\" srcset=\"https:\/\/www.kunstloft.ch\/magazin\/wp-content\/uploads\/2023\/08\/kl05408-forest-trees-brown-wood-pictures-wood-painting-relief-handmade-modern-01-1024x683.jpg 1024w, https:\/\/www.kunstloft.ch\/magazin\/wp-content\/uploads\/2023\/08\/kl05408-forest-trees-brown-wood-pictures-wood-painting-relief-handmade-modern-01-300x200.jpg 300w, https:\/\/www.kunstloft.ch\/magazin\/wp-content\/uploads\/2023\/08\/kl05408-forest-trees-brown-wood-pictures-wood-painting-relief-handmade-modern-01-768x512.jpg 768w, https:\/\/www.kunstloft.ch\/magazin\/wp-content\/uploads\/2023\/08\/kl05408-forest-trees-brown-wood-pictures-wood-painting-relief-handmade-modern-01-1536x1024.jpg 1536w, https:\/\/www.kunstloft.ch\/magazin\/wp-content\/uploads\/2023\/08\/kl05408-forest-trees-brown-wood-pictures-wood-painting-relief-handmade-modern-01.jpg 1920w\" sizes=\"100vw\" \/>\t\t\t\t\t\t\t\t<\/a>\n\t\t\t\t\t\t\t\t\t\t\t\t\t\t\t<\/div>\n\t\t\t\t<\/div>\n\t\t\t\t<div class=\"elementor-element elementor-element-10d9886 elementor-widget elementor-widget-text-editor\" data-id=\"10d9886\" data-element_type=\"widget\" data-widget_type=\"text-editor.default\">\n\t\t\t\t<div class=\"elementor-widget-container\">\n\t\t\t\t\t\t\t\t\t<p style=\"text-align: center;\"><strong><a href=\"https:\/\/www.kunstloft.ch\/6000-holzbild-3d-ewiger-fruehling\/\">Holzbild 3D <br \/>&#8218;Ewiger Fr\u00fchling&#8216;<\/a><\/strong><\/p>\t\t\t\t\t\t\t\t<\/div>\n\t\t\t\t<\/div>\n\t\t\t\t\t<\/div>\n\t\t<\/div>\n\t\t\t\t<div class=\"elementor-column elementor-col-25 elementor-top-column elementor-element elementor-element-c829c35\" data-id=\"c829c35\" data-element_type=\"column\">\n\t\t\t<div class=\"elementor-widget-wrap elementor-element-populated\">\n\t\t\t\t\t\t<div class=\"elementor-element elementor-element-e0c0883 elementor-widget elementor-widget-image\" data-id=\"e0c0883\" data-element_type=\"widget\" data-widget_type=\"image.default\">\n\t\t\t\t<div class=\"elementor-widget-container\">\n\t\t\t\t\t\t\t\t\t\t\t\t\t\t\t\t<a href=\"https:\/\/www.kunstloft.ch\/8236-acryl-gemaelde-sanftes-windspiel\/\">\n\t\t\t\t\t\t\t<img loading=\"lazy\" decoding=\"async\" width=\"950\" height=\"634\" src=\"https:\/\/www.kunstloft.ch\/magazin\/wp-content\/uploads\/2023\/08\/kl07674-plant-leaves-beige-acrylic-paintings-acrylic-pictures-canvas-modern-art-01-1024x683.jpg\" class=\"elementor-animation-grow attachment-large size-large wp-image-6144\" alt=\"\" srcset=\"https:\/\/www.kunstloft.ch\/magazin\/wp-content\/uploads\/2023\/08\/kl07674-plant-leaves-beige-acrylic-paintings-acrylic-pictures-canvas-modern-art-01-1024x683.jpg 1024w, https:\/\/www.kunstloft.ch\/magazin\/wp-content\/uploads\/2023\/08\/kl07674-plant-leaves-beige-acrylic-paintings-acrylic-pictures-canvas-modern-art-01-300x200.jpg 300w, https:\/\/www.kunstloft.ch\/magazin\/wp-content\/uploads\/2023\/08\/kl07674-plant-leaves-beige-acrylic-paintings-acrylic-pictures-canvas-modern-art-01-768x512.jpg 768w, https:\/\/www.kunstloft.ch\/magazin\/wp-content\/uploads\/2023\/08\/kl07674-plant-leaves-beige-acrylic-paintings-acrylic-pictures-canvas-modern-art-01-1536x1024.jpg 1536w, https:\/\/www.kunstloft.ch\/magazin\/wp-content\/uploads\/2023\/08\/kl07674-plant-leaves-beige-acrylic-paintings-acrylic-pictures-canvas-modern-art-01.jpg 1920w\" sizes=\"100vw\" \/>\t\t\t\t\t\t\t\t<\/a>\n\t\t\t\t\t\t\t\t\t\t\t\t\t\t\t<\/div>\n\t\t\t\t<\/div>\n\t\t\t\t<div class=\"elementor-element elementor-element-064fdfb elementor-widget elementor-widget-text-editor\" data-id=\"064fdfb\" data-element_type=\"widget\" data-widget_type=\"text-editor.default\">\n\t\t\t\t<div class=\"elementor-widget-container\">\n\t\t\t\t\t\t\t\t\t<p style=\"text-align: center;\"><strong><a href=\"https:\/\/www.kunstloft.ch\/8236-acryl-gemaelde-sanftes-windspiel\/\">Handgemaltes Gem\u00e4lde<br \/>&#8218;Sanftes Windspiel&#8216;<\/a><\/strong><\/p>\t\t\t\t\t\t\t\t<\/div>\n\t\t\t\t<\/div>\n\t\t\t\t\t<\/div>\n\t\t<\/div>\n\t\t\t\t<div class=\"elementor-column elementor-col-25 elementor-top-column elementor-element elementor-element-df1304d\" data-id=\"df1304d\" data-element_type=\"column\">\n\t\t\t<div class=\"elementor-widget-wrap elementor-element-populated\">\n\t\t\t\t\t\t<div class=\"elementor-element elementor-element-bf06842 elementor-widget elementor-widget-image\" data-id=\"bf06842\" data-element_type=\"widget\" data-widget_type=\"image.default\">\n\t\t\t\t<div class=\"elementor-widget-container\">\n\t\t\t\t\t\t\t\t\t\t\t\t\t\t\t\t<a href=\"https:\/\/www.kunstloft.ch\/21676-holzbild-3d-the-power\/\">\n\t\t\t\t\t\t\t<img loading=\"lazy\" decoding=\"async\" width=\"950\" height=\"634\" src=\"https:\/\/www.kunstloft.ch\/magazin\/wp-content\/uploads\/2023\/08\/kl22799-geometric-art-petrol-white-wood-pictures-wood-painting-relief-handmade-modern-01-1024x683.jpg\" class=\"elementor-animation-grow attachment-large size-large wp-image-6146\" alt=\"\" srcset=\"https:\/\/www.kunstloft.ch\/magazin\/wp-content\/uploads\/2023\/08\/kl22799-geometric-art-petrol-white-wood-pictures-wood-painting-relief-handmade-modern-01-1024x683.jpg 1024w, https:\/\/www.kunstloft.ch\/magazin\/wp-content\/uploads\/2023\/08\/kl22799-geometric-art-petrol-white-wood-pictures-wood-painting-relief-handmade-modern-01-300x200.jpg 300w, https:\/\/www.kunstloft.ch\/magazin\/wp-content\/uploads\/2023\/08\/kl22799-geometric-art-petrol-white-wood-pictures-wood-painting-relief-handmade-modern-01-768x512.jpg 768w, https:\/\/www.kunstloft.ch\/magazin\/wp-content\/uploads\/2023\/08\/kl22799-geometric-art-petrol-white-wood-pictures-wood-painting-relief-handmade-modern-01-1536x1024.jpg 1536w, https:\/\/www.kunstloft.ch\/magazin\/wp-content\/uploads\/2023\/08\/kl22799-geometric-art-petrol-white-wood-pictures-wood-painting-relief-handmade-modern-01.jpg 1920w\" sizes=\"100vw\" \/>\t\t\t\t\t\t\t\t<\/a>\n\t\t\t\t\t\t\t\t\t\t\t\t\t\t\t<\/div>\n\t\t\t\t<\/div>\n\t\t\t\t<div class=\"elementor-element elementor-element-e6dd4fa elementor-widget elementor-widget-text-editor\" data-id=\"e6dd4fa\" data-element_type=\"widget\" data-widget_type=\"text-editor.default\">\n\t\t\t\t<div class=\"elementor-widget-container\">\n\t\t\t\t\t\t\t\t\t<p style=\"text-align: center;\"><strong><a href=\"https:\/\/www.kunstloft.ch\/21676-holzbild-3d-the-power\/\" data-wplink-edit=\"true\">Holzbild 3D<br \/>&#8218;The Power&#8216;<\/a><\/strong><\/p>\t\t\t\t\t\t\t\t<\/div>\n\t\t\t\t<\/div>\n\t\t\t\t\t<\/div>\n\t\t<\/div>\n\t\t\t\t<div class=\"elementor-column elementor-col-25 elementor-top-column elementor-element elementor-element-60c467b\" data-id=\"60c467b\" data-element_type=\"column\">\n\t\t\t<div class=\"elementor-widget-wrap elementor-element-populated\">\n\t\t\t\t\t\t<div class=\"elementor-element elementor-element-93b7994 elementor-widget elementor-widget-image\" data-id=\"93b7994\" data-element_type=\"widget\" data-widget_type=\"image.default\">\n\t\t\t\t<div class=\"elementor-widget-container\">\n\t\t\t\t\t\t\t\t\t\t\t\t\t\t\t\t<a href=\"https:\/\/www.kunstloft.ch\/8746-acryl-gemaelde-erholung-von-der-stadt\/\">\n\t\t\t\t\t\t\t<img loading=\"lazy\" decoding=\"async\" width=\"950\" height=\"634\" src=\"https:\/\/www.kunstloft.ch\/magazin\/wp-content\/uploads\/2023\/08\/kl07884-woman-beige-white-acrylic-paintings-canvas-pictures-modern-art-01-1024x683.jpg\" class=\"elementor-animation-grow attachment-large size-large wp-image-6145\" alt=\"\" srcset=\"https:\/\/www.kunstloft.ch\/magazin\/wp-content\/uploads\/2023\/08\/kl07884-woman-beige-white-acrylic-paintings-canvas-pictures-modern-art-01-1024x683.jpg 1024w, https:\/\/www.kunstloft.ch\/magazin\/wp-content\/uploads\/2023\/08\/kl07884-woman-beige-white-acrylic-paintings-canvas-pictures-modern-art-01-300x200.jpg 300w, https:\/\/www.kunstloft.ch\/magazin\/wp-content\/uploads\/2023\/08\/kl07884-woman-beige-white-acrylic-paintings-canvas-pictures-modern-art-01-768x512.jpg 768w, https:\/\/www.kunstloft.ch\/magazin\/wp-content\/uploads\/2023\/08\/kl07884-woman-beige-white-acrylic-paintings-canvas-pictures-modern-art-01-1536x1024.jpg 1536w, https:\/\/www.kunstloft.ch\/magazin\/wp-content\/uploads\/2023\/08\/kl07884-woman-beige-white-acrylic-paintings-canvas-pictures-modern-art-01.jpg 1920w\" sizes=\"100vw\" \/>\t\t\t\t\t\t\t\t<\/a>\n\t\t\t\t\t\t\t\t\t\t\t\t\t\t\t<\/div>\n\t\t\t\t<\/div>\n\t\t\t\t<div class=\"elementor-element elementor-element-53a2c98 elementor-widget elementor-widget-text-editor\" data-id=\"53a2c98\" data-element_type=\"widget\" data-widget_type=\"text-editor.default\">\n\t\t\t\t<div class=\"elementor-widget-container\">\n\t\t\t\t\t\t\t\t\t<p style=\"text-align: center;\"><strong><a href=\"https:\/\/www.kunstloft.ch\/8746-acryl-gemaelde-erholung-von-der-stadt\/\">Handgemaltes Gem\u00e4lde<br \/>&#8218;Erholung von der Stadt&#8216;<\/a><\/strong><\/p>\t\t\t\t\t\t\t\t<\/div>\n\t\t\t\t<\/div>\n\t\t\t\t\t<\/div>\n\t\t<\/div>\n\t\t\t\t\t<\/div>\n\t\t<\/section>\n\t\t\t\t<section class=\"elementor-section elementor-top-section elementor-element elementor-element-1513934 elementor-section-boxed elementor-section-height-default elementor-section-height-default\" data-id=\"1513934\" data-element_type=\"section\">\n\t\t\t\t\t\t<div class=\"elementor-container elementor-column-gap-default\">\n\t\t\t\t\t<div class=\"elementor-column elementor-col-100 elementor-top-column elementor-element elementor-element-2a373ad\" data-id=\"2a373ad\" data-element_type=\"column\">\n\t\t\t<div class=\"elementor-widget-wrap elementor-element-populated\">\n\t\t\t\t\t\t<div class=\"elementor-element elementor-element-9971ebf elementor-widget elementor-widget-spacer\" data-id=\"9971ebf\" data-element_type=\"widget\" data-widget_type=\"spacer.default\">\n\t\t\t\t<div class=\"elementor-widget-container\">\n\t\t\t\t\t\t\t<div class=\"elementor-spacer\">\n\t\t\t<div class=\"elementor-spacer-inner\"><\/div>\n\t\t<\/div>\n\t\t\t\t\t\t<\/div>\n\t\t\t\t<\/div>\n\t\t\t\t\t<\/div>\n\t\t<\/div>\n\t\t\t\t\t<\/div>\n\t\t<\/section>\n\t\t\t\t<section class=\"elementor-section elementor-top-section elementor-element elementor-element-ad837b2 elementor-section-boxed elementor-section-height-default elementor-section-height-default\" data-id=\"ad837b2\" data-element_type=\"section\">\n\t\t\t\t\t\t<div class=\"elementor-container elementor-column-gap-default\">\n\t\t\t\t\t<div class=\"elementor-column elementor-col-100 elementor-top-column elementor-element elementor-element-5f238be\" data-id=\"5f238be\" data-element_type=\"column\">\n\t\t\t<div class=\"elementor-widget-wrap elementor-element-populated\">\n\t\t\t\t\t\t<div class=\"elementor-element elementor-element-453ce53 elementor-widget elementor-widget-heading\" data-id=\"453ce53\" data-element_type=\"widget\" id=\"textilien\" data-widget_type=\"heading.default\">\n\t\t\t\t<div class=\"elementor-widget-container\">\n\t\t\t\t\t<h2 class=\"elementor-heading-title elementor-size-default\">Leichte Stoffe und luftige Textilien: Ein Hauch von Leichtigkeit<\/h2>\t\t\t\t<\/div>\n\t\t\t\t<\/div>\n\t\t\t\t\t<\/div>\n\t\t<\/div>\n\t\t\t\t\t<\/div>\n\t\t<\/section>\n\t\t\t\t<section class=\"elementor-section elementor-top-section elementor-element elementor-element-c649d2c elementor-section-boxed elementor-section-height-default elementor-section-height-default\" data-id=\"c649d2c\" data-element_type=\"section\">\n\t\t\t\t\t\t<div class=\"elementor-container elementor-column-gap-default\">\n\t\t\t\t\t<div class=\"elementor-column elementor-col-100 elementor-top-column elementor-element elementor-element-91ab822\" data-id=\"91ab822\" data-element_type=\"column\">\n\t\t\t<div class=\"elementor-widget-wrap elementor-element-populated\">\n\t\t\t\t\t\t<div class=\"elementor-element elementor-element-cb30114 elementor-widget elementor-widget-text-editor\" data-id=\"cb30114\" data-element_type=\"widget\" data-widget_type=\"text-editor.default\">\n\t\t\t\t<div class=\"elementor-widget-container\">\n\t\t\t\t\t\t\t\t\t<p>Im Sommer sehnen wir uns nach Leichtigkeit, und das gilt auch f\u00fcr unsere Einrichtung. Tauschen Sie schwere Vorh\u00e4nge gegen leichte, luftige Stoffe aus, die sanft im Wind wehen. Helle Tagesdecken mit zarten Mustern verleihen Ihrem Schlafzimmer eine sommerliche Frische. Vergessen Sie nicht, mit Kissen in verschiedenen Farben und Texturen Akzente zu setzen \u2013 sie laden f\u00f6rmlich dazu ein, sich in Ihre gem\u00fctliche Ecke zur\u00fcckzulehnen und den Sommer zu genie\u00dfen.<\/p>\t\t\t\t\t\t\t\t<\/div>\n\t\t\t\t<\/div>\n\t\t\t\t\t<\/div>\n\t\t<\/div>\n\t\t\t\t\t<\/div>\n\t\t<\/section>\n\t\t\t\t<section class=\"elementor-section elementor-top-section elementor-element elementor-element-e2391af elementor-section-boxed elementor-section-height-default elementor-section-height-default\" data-id=\"e2391af\" data-element_type=\"section\">\n\t\t\t\t\t\t<div class=\"elementor-container elementor-column-gap-default\">\n\t\t\t\t\t<div class=\"elementor-column elementor-col-50 elementor-top-column elementor-element elementor-element-c5eae3d\" data-id=\"c5eae3d\" data-element_type=\"column\">\n\t\t\t<div class=\"elementor-widget-wrap elementor-element-populated\">\n\t\t\t\t\t\t<div class=\"elementor-element elementor-element-0a183ab elementor-widget elementor-widget-image\" data-id=\"0a183ab\" data-element_type=\"widget\" data-widget_type=\"image.default\">\n\t\t\t\t<div class=\"elementor-widget-container\">\n\t\t\t\t\t\t\t\t\t\t\t\t\t\t\t\t<a href=\"https:\/\/www.kunstloft.ch\/13616-kissenbezug-malea-ii\/\">\n\t\t\t\t\t\t\t<img loading=\"lazy\" decoding=\"async\" width=\"768\" height=\"1024\" src=\"https:\/\/www.kunstloft.ch\/magazin\/wp-content\/uploads\/2023\/08\/60007321-31102-124613-31102-124613-31102-124613-cushion-colored-cushion-cover-cushion-cover-deco-cushion-02-768x1024.png\" class=\"elementor-animation-grow attachment-large size-large wp-image-6126\" alt=\"\" srcset=\"https:\/\/www.kunstloft.ch\/magazin\/wp-content\/uploads\/2023\/08\/60007321-31102-124613-31102-124613-31102-124613-cushion-colored-cushion-cover-cushion-cover-deco-cushion-02-768x1024.png 768w, https:\/\/www.kunstloft.ch\/magazin\/wp-content\/uploads\/2023\/08\/60007321-31102-124613-31102-124613-31102-124613-cushion-colored-cushion-cover-cushion-cover-deco-cushion-02-225x300.png 225w, https:\/\/www.kunstloft.ch\/magazin\/wp-content\/uploads\/2023\/08\/60007321-31102-124613-31102-124613-31102-124613-cushion-colored-cushion-cover-cushion-cover-deco-cushion-02-1152x1536.png 1152w, https:\/\/www.kunstloft.ch\/magazin\/wp-content\/uploads\/2023\/08\/60007321-31102-124613-31102-124613-31102-124613-cushion-colored-cushion-cover-cushion-cover-deco-cushion-02-1536x2048.png 1536w, https:\/\/www.kunstloft.ch\/magazin\/wp-content\/uploads\/2023\/08\/60007321-31102-124613-31102-124613-31102-124613-cushion-colored-cushion-cover-cushion-cover-deco-cushion-02.png 1920w\" sizes=\"100vw\" \/>\t\t\t\t\t\t\t\t<\/a>\n\t\t\t\t\t\t\t\t\t\t\t\t\t\t\t<\/div>\n\t\t\t\t<\/div>\n\t\t\t\t<div class=\"elementor-element elementor-element-a6c03ac elementor-widget elementor-widget-text-editor\" data-id=\"a6c03ac\" data-element_type=\"widget\" data-widget_type=\"text-editor.default\">\n\t\t\t\t<div class=\"elementor-widget-container\">\n\t\t\t\t\t\t\t\t\t<p style=\"text-align: center;\"><strong><a href=\"https:\/\/www.kunstloft.ch\/13616-kissenbezug-malea-ii\/\">Kissenbezug<br \/>&#8218;Malea II&#8216;<\/a><\/strong><\/p>\t\t\t\t\t\t\t\t<\/div>\n\t\t\t\t<\/div>\n\t\t\t\t\t<\/div>\n\t\t<\/div>\n\t\t\t\t<div class=\"elementor-column elementor-col-50 elementor-top-column elementor-element elementor-element-2195c6a\" data-id=\"2195c6a\" data-element_type=\"column\">\n\t\t\t<div class=\"elementor-widget-wrap elementor-element-populated\">\n\t\t\t\t\t\t<div class=\"elementor-element elementor-element-4542796 elementor-widget elementor-widget-image\" data-id=\"4542796\" data-element_type=\"widget\" data-widget_type=\"image.default\">\n\t\t\t\t<div class=\"elementor-widget-container\">\n\t\t\t\t\t\t\t\t\t\t\t\t\t\t\t\t<a href=\"https:\/\/www.kunstloft.ch\/13614-kissenbezug-eldar\/\">\n\t\t\t\t\t\t\t<img loading=\"lazy\" decoding=\"async\" width=\"768\" height=\"1024\" src=\"https:\/\/www.kunstloft.ch\/magazin\/wp-content\/uploads\/2023\/08\/60007338-31102-124613-31102-124613-31102-124613-cushion-colored-cushion-cover-cushion-cover-deco-cushion-02-768x1024.png\" class=\"elementor-animation-grow attachment-large size-large wp-image-6127\" alt=\"\" srcset=\"https:\/\/www.kunstloft.ch\/magazin\/wp-content\/uploads\/2023\/08\/60007338-31102-124613-31102-124613-31102-124613-cushion-colored-cushion-cover-cushion-cover-deco-cushion-02-768x1025.png 768w, https:\/\/www.kunstloft.ch\/magazin\/wp-content\/uploads\/2023\/08\/60007338-31102-124613-31102-124613-31102-124613-cushion-colored-cushion-cover-cushion-cover-deco-cushion-02-225x300.png 225w, https:\/\/www.kunstloft.ch\/magazin\/wp-content\/uploads\/2023\/08\/60007338-31102-124613-31102-124613-31102-124613-cushion-colored-cushion-cover-cushion-cover-deco-cushion-02-1151x1536.png 1151w, https:\/\/www.kunstloft.ch\/magazin\/wp-content\/uploads\/2023\/08\/60007338-31102-124613-31102-124613-31102-124613-cushion-colored-cushion-cover-cushion-cover-deco-cushion-02-1535x2048.png 1535w, https:\/\/www.kunstloft.ch\/magazin\/wp-content\/uploads\/2023\/08\/60007338-31102-124613-31102-124613-31102-124613-cushion-colored-cushion-cover-cushion-cover-deco-cushion-02.png 1919w\" sizes=\"100vw\" \/>\t\t\t\t\t\t\t\t<\/a>\n\t\t\t\t\t\t\t\t\t\t\t\t\t\t\t<\/div>\n\t\t\t\t<\/div>\n\t\t\t\t<div class=\"elementor-element elementor-element-835ddcd elementor-widget elementor-widget-text-editor\" data-id=\"835ddcd\" data-element_type=\"widget\" data-widget_type=\"text-editor.default\">\n\t\t\t\t<div class=\"elementor-widget-container\">\n\t\t\t\t\t\t\t\t\t<p style=\"text-align: center;\"><a href=\"https:\/\/www.kunstloft.ch\/13614-kissenbezug-eldar\/\"><strong>Kissenbezug<br \/>&#8218;Eldar&#8216;<\/strong><\/a><\/p>\t\t\t\t\t\t\t\t<\/div>\n\t\t\t\t<\/div>\n\t\t\t\t\t<\/div>\n\t\t<\/div>\n\t\t\t\t\t<\/div>\n\t\t<\/section>\n\t\t\t\t<section class=\"elementor-section elementor-top-section elementor-element elementor-element-6d76a89 elementor-section-boxed elementor-section-height-default elementor-section-height-default\" data-id=\"6d76a89\" data-element_type=\"section\">\n\t\t\t\t\t\t<div class=\"elementor-container elementor-column-gap-default\">\n\t\t\t\t\t<div class=\"elementor-column elementor-col-100 elementor-top-column elementor-element elementor-element-d48e66e\" data-id=\"d48e66e\" data-element_type=\"column\">\n\t\t\t<div class=\"elementor-widget-wrap elementor-element-populated\">\n\t\t\t\t\t\t<div class=\"elementor-element elementor-element-5456883 elementor-widget elementor-widget-spacer\" data-id=\"5456883\" data-element_type=\"widget\" data-widget_type=\"spacer.default\">\n\t\t\t\t<div class=\"elementor-widget-container\">\n\t\t\t\t\t\t\t<div class=\"elementor-spacer\">\n\t\t\t<div class=\"elementor-spacer-inner\"><\/div>\n\t\t<\/div>\n\t\t\t\t\t\t<\/div>\n\t\t\t\t<\/div>\n\t\t\t\t\t<\/div>\n\t\t<\/div>\n\t\t\t\t\t<\/div>\n\t\t<\/section>\n\t\t\t\t<section class=\"elementor-section elementor-top-section elementor-element elementor-element-e91afcf elementor-section-boxed elementor-section-height-default elementor-section-height-default\" data-id=\"e91afcf\" data-element_type=\"section\">\n\t\t\t\t\t\t<div class=\"elementor-container elementor-column-gap-default\">\n\t\t\t\t\t<div class=\"elementor-column elementor-col-100 elementor-top-column elementor-element elementor-element-802db4b\" data-id=\"802db4b\" data-element_type=\"column\">\n\t\t\t<div class=\"elementor-widget-wrap elementor-element-populated\">\n\t\t\t\t\t\t<div class=\"elementor-element elementor-element-63a476b elementor-widget elementor-widget-heading\" data-id=\"63a476b\" data-element_type=\"widget\" id=\"sommerhauch\" data-widget_type=\"heading.default\">\n\t\t\t\t<div class=\"elementor-widget-container\">\n\t\t\t\t\t<h2 class=\"elementor-heading-title elementor-size-default\">Kreative Wandgestaltung: Ein Hauch von Sommer an den W\u00e4nden<\/h2>\t\t\t\t<\/div>\n\t\t\t\t<\/div>\n\t\t\t\t\t<\/div>\n\t\t<\/div>\n\t\t\t\t\t<\/div>\n\t\t<\/section>\n\t\t\t\t<section class=\"elementor-section elementor-top-section elementor-element elementor-element-d1f15e2 elementor-section-boxed elementor-section-height-default elementor-section-height-default\" data-id=\"d1f15e2\" data-element_type=\"section\">\n\t\t\t\t\t\t<div class=\"elementor-container elementor-column-gap-default\">\n\t\t\t\t\t<div class=\"elementor-column elementor-col-100 elementor-top-column elementor-element elementor-element-8b9e907\" data-id=\"8b9e907\" data-element_type=\"column\">\n\t\t\t<div class=\"elementor-widget-wrap elementor-element-populated\">\n\t\t\t\t\t\t<div class=\"elementor-element elementor-element-0e506f8 elementor-widget elementor-widget-text-editor\" data-id=\"0e506f8\" data-element_type=\"widget\" data-widget_type=\"text-editor.default\">\n\t\t\t\t<div class=\"elementor-widget-container\">\n\t\t\t\t\t\t\t\t\t<p>Ihre W\u00e4nde bieten eine gro\u00dfartige M\u00f6glichkeit, Ihrer Einrichtung eine pers\u00f6nliche Note zu verleihen. Im Sommer k\u00f6nnen Sie Ihre W\u00e4nde mit auff\u00e4lligen Kunstwerken schm\u00fccken, die die Stimmung der Jahreszeit einfangen. W\u00e4hlen Sie Bilder von bl\u00fchenden Blumenwiesen, malerischen Str\u00e4nden oder farbenfrohen Sonnenunterg\u00e4ngen. Auch Wandbeh\u00e4nge aus leichten Stoffen k\u00f6nnen eine zauberhafte Sommeratmosph\u00e4re schaffen und Ihre R\u00e4ume in ein sommerliches Paradies verwandeln.<\/p>\t\t\t\t\t\t\t\t<\/div>\n\t\t\t\t<\/div>\n\t\t\t\t\t<\/div>\n\t\t<\/div>\n\t\t\t\t\t<\/div>\n\t\t<\/section>\n\t\t\t\t<section class=\"elementor-section elementor-top-section elementor-element elementor-element-f32a39d elementor-section-boxed elementor-section-height-default elementor-section-height-default\" data-id=\"f32a39d\" data-element_type=\"section\">\n\t\t\t\t\t\t<div class=\"elementor-container elementor-column-gap-default\">\n\t\t\t\t\t<div class=\"elementor-column elementor-col-33 elementor-top-column elementor-element elementor-element-255fff5\" data-id=\"255fff5\" data-element_type=\"column\">\n\t\t\t<div class=\"elementor-widget-wrap elementor-element-populated\">\n\t\t\t\t\t\t<div class=\"elementor-element elementor-element-8fc699b elementor-widget elementor-widget-image\" data-id=\"8fc699b\" data-element_type=\"widget\" data-widget_type=\"image.default\">\n\t\t\t\t<div class=\"elementor-widget-container\">\n\t\t\t\t\t\t\t\t\t\t\t\t\t\t\t\t<a href=\"https:\/\/www.kunstloft.ch\/3391-acryl-gemaelde-gassi-am-strand\/\">\n\t\t\t\t\t\t\t<img loading=\"lazy\" decoding=\"async\" width=\"950\" height=\"634\" src=\"https:\/\/www.kunstloft.ch\/magazin\/wp-content\/uploads\/2023\/08\/kl03693-sea-landscape-beige-blue-acrylic-paintings-canvas-modern-art-01-1024x683.png\" class=\"elementor-animation-grow attachment-large size-large wp-image-6133\" alt=\"\" srcset=\"https:\/\/www.kunstloft.ch\/magazin\/wp-content\/uploads\/2023\/08\/kl03693-sea-landscape-beige-blue-acrylic-paintings-canvas-modern-art-01-1024x683.png 1024w, https:\/\/www.kunstloft.ch\/magazin\/wp-content\/uploads\/2023\/08\/kl03693-sea-landscape-beige-blue-acrylic-paintings-canvas-modern-art-01-300x200.png 300w, https:\/\/www.kunstloft.ch\/magazin\/wp-content\/uploads\/2023\/08\/kl03693-sea-landscape-beige-blue-acrylic-paintings-canvas-modern-art-01-768x512.png 768w, https:\/\/www.kunstloft.ch\/magazin\/wp-content\/uploads\/2023\/08\/kl03693-sea-landscape-beige-blue-acrylic-paintings-canvas-modern-art-01-1536x1024.png 1536w, https:\/\/www.kunstloft.ch\/magazin\/wp-content\/uploads\/2023\/08\/kl03693-sea-landscape-beige-blue-acrylic-paintings-canvas-modern-art-01.png 1920w\" sizes=\"100vw\" \/>\t\t\t\t\t\t\t\t<\/a>\n\t\t\t\t\t\t\t\t\t\t\t\t\t\t\t<\/div>\n\t\t\t\t<\/div>\n\t\t\t\t<div class=\"elementor-element elementor-element-857eafa elementor-widget elementor-widget-text-editor\" data-id=\"857eafa\" data-element_type=\"widget\" data-widget_type=\"text-editor.default\">\n\t\t\t\t<div class=\"elementor-widget-container\">\n\t\t\t\t\t\t\t\t\t<p style=\"text-align: center;\"><strong><a href=\"https:\/\/www.kunstloft.ch\/3391-acryl-gemaelde-gassi-am-strand\/\">Handgemaltes Gem\u00e4lde<br \/>&#8218;Gassi am Strand&#8216;<\/a><\/strong><\/p>\t\t\t\t\t\t\t\t<\/div>\n\t\t\t\t<\/div>\n\t\t\t\t\t<\/div>\n\t\t<\/div>\n\t\t\t\t<div class=\"elementor-column elementor-col-33 elementor-top-column elementor-element elementor-element-f956255\" data-id=\"f956255\" data-element_type=\"column\">\n\t\t\t<div class=\"elementor-widget-wrap elementor-element-populated\">\n\t\t\t\t\t\t<div class=\"elementor-element elementor-element-51b3a41 elementor-widget elementor-widget-image\" data-id=\"51b3a41\" data-element_type=\"widget\" data-widget_type=\"image.default\">\n\t\t\t\t<div class=\"elementor-widget-container\">\n\t\t\t\t\t\t\t\t\t\t\t\t\t\t\t\t<a href=\"https:\/\/www.kunstloft.ch\/9572-oel-gemaelde-am-roten-himmel\/\">\n\t\t\t\t\t\t\t<img loading=\"lazy\" decoding=\"async\" width=\"950\" height=\"634\" src=\"https:\/\/www.kunstloft.ch\/magazin\/wp-content\/uploads\/2023\/08\/kl07438-summer-red-blue-oil-painted-oil-pictures-hand-painted-unique-modern-art-0001-01-1024x683.jpg\" class=\"elementor-animation-grow attachment-large size-large wp-image-6143\" alt=\"\" srcset=\"https:\/\/www.kunstloft.ch\/magazin\/wp-content\/uploads\/2023\/08\/kl07438-summer-red-blue-oil-painted-oil-pictures-hand-painted-unique-modern-art-0001-01-1024x683.jpg 1024w, https:\/\/www.kunstloft.ch\/magazin\/wp-content\/uploads\/2023\/08\/kl07438-summer-red-blue-oil-painted-oil-pictures-hand-painted-unique-modern-art-0001-01-300x200.jpg 300w, https:\/\/www.kunstloft.ch\/magazin\/wp-content\/uploads\/2023\/08\/kl07438-summer-red-blue-oil-painted-oil-pictures-hand-painted-unique-modern-art-0001-01-768x512.jpg 768w, https:\/\/www.kunstloft.ch\/magazin\/wp-content\/uploads\/2023\/08\/kl07438-summer-red-blue-oil-painted-oil-pictures-hand-painted-unique-modern-art-0001-01-1536x1024.jpg 1536w, https:\/\/www.kunstloft.ch\/magazin\/wp-content\/uploads\/2023\/08\/kl07438-summer-red-blue-oil-painted-oil-pictures-hand-painted-unique-modern-art-0001-01.jpg 1920w\" sizes=\"100vw\" \/>\t\t\t\t\t\t\t\t<\/a>\n\t\t\t\t\t\t\t\t\t\t\t\t\t\t\t<\/div>\n\t\t\t\t<\/div>\n\t\t\t\t<div class=\"elementor-element elementor-element-cf3299c elementor-widget elementor-widget-text-editor\" data-id=\"cf3299c\" data-element_type=\"widget\" data-widget_type=\"text-editor.default\">\n\t\t\t\t<div class=\"elementor-widget-container\">\n\t\t\t\t\t\t\t\t\t<p style=\"text-align: center;\"><strong><a href=\"https:\/\/www.kunstloft.ch\/9572-oel-gemaelde-am-roten-himmel\/\">XXL \u00d6l Gem\u00e4lde<br \/>&#8218;Am roten Himmel&#8216;<\/a><\/strong><\/p>\t\t\t\t\t\t\t\t<\/div>\n\t\t\t\t<\/div>\n\t\t\t\t\t<\/div>\n\t\t<\/div>\n\t\t\t\t<div class=\"elementor-column elementor-col-33 elementor-top-column elementor-element elementor-element-f1b1f18\" data-id=\"f1b1f18\" data-element_type=\"column\">\n\t\t\t<div class=\"elementor-widget-wrap elementor-element-populated\">\n\t\t\t\t\t\t<div class=\"elementor-element elementor-element-0003fd2 elementor-widget elementor-widget-image\" data-id=\"0003fd2\" data-element_type=\"widget\" data-widget_type=\"image.default\">\n\t\t\t\t<div class=\"elementor-widget-container\">\n\t\t\t\t\t\t\t\t\t\t\t\t\t\t\t\t<a href=\"https:\/\/www.kunstloft.ch\/1979-acryl-gemaelde-lilac-reverie\/\">\n\t\t\t\t\t\t\t<img loading=\"lazy\" decoding=\"async\" width=\"950\" height=\"634\" src=\"https:\/\/www.kunstloft.ch\/magazin\/wp-content\/uploads\/2023\/08\/kl01940-flowers-pink-purple-blues-shabby-chic-modern-acrylic-painted-oil-picture-oil-painted-01-1024x683.png\" class=\"elementor-animation-grow attachment-large size-large wp-image-6132\" alt=\"\" srcset=\"https:\/\/www.kunstloft.ch\/magazin\/wp-content\/uploads\/2023\/08\/kl01940-flowers-pink-purple-blues-shabby-chic-modern-acrylic-painted-oil-picture-oil-painted-01-1024x683.png 1024w, https:\/\/www.kunstloft.ch\/magazin\/wp-content\/uploads\/2023\/08\/kl01940-flowers-pink-purple-blues-shabby-chic-modern-acrylic-painted-oil-picture-oil-painted-01-300x200.png 300w, https:\/\/www.kunstloft.ch\/magazin\/wp-content\/uploads\/2023\/08\/kl01940-flowers-pink-purple-blues-shabby-chic-modern-acrylic-painted-oil-picture-oil-painted-01-768x512.png 768w, https:\/\/www.kunstloft.ch\/magazin\/wp-content\/uploads\/2023\/08\/kl01940-flowers-pink-purple-blues-shabby-chic-modern-acrylic-painted-oil-picture-oil-painted-01-1536x1024.png 1536w, https:\/\/www.kunstloft.ch\/magazin\/wp-content\/uploads\/2023\/08\/kl01940-flowers-pink-purple-blues-shabby-chic-modern-acrylic-painted-oil-picture-oil-painted-01.png 1920w\" sizes=\"100vw\" \/>\t\t\t\t\t\t\t\t<\/a>\n\t\t\t\t\t\t\t\t\t\t\t\t\t\t\t<\/div>\n\t\t\t\t<\/div>\n\t\t\t\t<div class=\"elementor-element elementor-element-ab572aa elementor-widget elementor-widget-text-editor\" data-id=\"ab572aa\" data-element_type=\"widget\" data-widget_type=\"text-editor.default\">\n\t\t\t\t<div class=\"elementor-widget-container\">\n\t\t\t\t\t\t\t\t\t<p style=\"text-align: center;\"><strong><a href=\"https:\/\/www.kunstloft.ch\/1979-acryl-gemaelde-lilac-reverie\/\">Handgemaltes Gem\u00e4lde<br \/>&#8218;Lilac Reverie&#8216;<\/a><\/strong><\/p>\t\t\t\t\t\t\t\t<\/div>\n\t\t\t\t<\/div>\n\t\t\t\t\t<\/div>\n\t\t<\/div>\n\t\t\t\t\t<\/div>\n\t\t<\/section>\n\t\t\t\t<section class=\"elementor-section elementor-top-section elementor-element elementor-element-ab80dbf elementor-section-boxed elementor-section-height-default elementor-section-height-default\" data-id=\"ab80dbf\" data-element_type=\"section\">\n\t\t\t\t\t\t<div class=\"elementor-container elementor-column-gap-default\">\n\t\t\t\t\t<div class=\"elementor-column elementor-col-100 elementor-top-column elementor-element elementor-element-5497722\" data-id=\"5497722\" data-element_type=\"column\">\n\t\t\t<div class=\"elementor-widget-wrap elementor-element-populated\">\n\t\t\t\t\t\t<div class=\"elementor-element elementor-element-8f08780 elementor-widget elementor-widget-spacer\" data-id=\"8f08780\" data-element_type=\"widget\" data-widget_type=\"spacer.default\">\n\t\t\t\t<div class=\"elementor-widget-container\">\n\t\t\t\t\t\t\t<div class=\"elementor-spacer\">\n\t\t\t<div class=\"elementor-spacer-inner\"><\/div>\n\t\t<\/div>\n\t\t\t\t\t\t<\/div>\n\t\t\t\t<\/div>\n\t\t\t\t\t<\/div>\n\t\t<\/div>\n\t\t\t\t\t<\/div>\n\t\t<\/section>\n\t\t\t\t<section class=\"elementor-section elementor-top-section elementor-element elementor-element-9de3738 elementor-section-boxed elementor-section-height-default elementor-section-height-default\" data-id=\"9de3738\" data-element_type=\"section\">\n\t\t\t\t\t\t<div class=\"elementor-container elementor-column-gap-default\">\n\t\t\t\t\t<div class=\"elementor-column elementor-col-100 elementor-top-column elementor-element elementor-element-5916ead\" data-id=\"5916ead\" data-element_type=\"column\">\n\t\t\t<div class=\"elementor-widget-wrap elementor-element-populated\">\n\t\t\t\t\t\t<div class=\"elementor-element elementor-element-33a32d2 elementor-widget elementor-widget-heading\" data-id=\"33a32d2\" data-element_type=\"widget\" id=\"sommergenuss\" data-widget_type=\"heading.default\">\n\t\t\t\t<div class=\"elementor-widget-container\">\n\t\t\t\t\t<h2 class=\"elementor-heading-title elementor-size-default\">Inniger Sommergenuss: Ein Zuhause voller W\u00e4rme und Freude<\/h2>\t\t\t\t<\/div>\n\t\t\t\t<\/div>\n\t\t\t\t\t<\/div>\n\t\t<\/div>\n\t\t\t\t\t<\/div>\n\t\t<\/section>\n\t\t\t\t<section class=\"elementor-section elementor-top-section elementor-element elementor-element-ad523a5 elementor-section-boxed elementor-section-height-default elementor-section-height-default\" data-id=\"ad523a5\" data-element_type=\"section\">\n\t\t\t\t\t\t<div class=\"elementor-container elementor-column-gap-default\">\n\t\t\t\t\t<div class=\"elementor-column elementor-col-100 elementor-top-column elementor-element elementor-element-d9012c8\" data-id=\"d9012c8\" data-element_type=\"column\">\n\t\t\t<div class=\"elementor-widget-wrap elementor-element-populated\">\n\t\t\t\t\t\t<div class=\"elementor-element elementor-element-8df73cb elementor-widget elementor-widget-text-editor\" data-id=\"8df73cb\" data-element_type=\"widget\" data-widget_type=\"text-editor.default\">\n\t\t\t\t<div class=\"elementor-widget-container\">\n\t\t\t\t\t\t\t\t\t<p>Wenn die Tage l\u00e4nger werden und die Sonne den Himmel in ein warmes Leuchten taucht, ist es Zeit, Ihrem Zuhause eine Prise Sommerzauber zu verleihen. Durch die geschickte Integration von Sommerdeko, lebendigen Farben, nat\u00fcrlichen Elementen und luftigen Textilien k\u00f6nnen Sie eine Atmosph\u00e4re schaffen, die die Freude und Leichtigkeit dieser Jahreszeit widerspiegelt. Ganz gleich, ob es sich um kunstvolle Wandbilder, kreative Wandgestaltung oder die Auswahl der richtigen Textilien handelt \u2013 jedes Detail tr\u00e4gt dazu bei, eine inspirierende und erfrischende Umgebung zu schaffen, die den Sommer in vollen Z\u00fcgen zelebriert.<\/p>\t\t\t\t\t\t\t\t<\/div>\n\t\t\t\t<\/div>\n\t\t\t\t\t<\/div>\n\t\t<\/div>\n\t\t\t\t\t<\/div>\n\t\t<\/section>\n\t\t\t\t<section class=\"elementor-section elementor-top-section elementor-element elementor-element-c181552 elementor-section-boxed elementor-section-height-default elementor-section-height-default\" data-id=\"c181552\" data-element_type=\"section\">\n\t\t\t\t\t\t<div class=\"elementor-container elementor-column-gap-default\">\n\t\t\t\t\t<div class=\"elementor-column elementor-col-100 elementor-top-column elementor-element elementor-element-8990dc9\" data-id=\"8990dc9\" data-element_type=\"column\">\n\t\t\t<div class=\"elementor-widget-wrap elementor-element-populated\">\n\t\t\t\t\t\t<div class=\"elementor-element elementor-element-bef07cd elementor-widget elementor-widget-spacer\" data-id=\"bef07cd\" data-element_type=\"widget\" data-widget_type=\"spacer.default\">\n\t\t\t\t<div class=\"elementor-widget-container\">\n\t\t\t\t\t\t\t<div class=\"elementor-spacer\">\n\t\t\t<div class=\"elementor-spacer-inner\"><\/div>\n\t\t<\/div>\n\t\t\t\t\t\t<\/div>\n\t\t\t\t<\/div>\n\t\t\t\t\t<\/div>\n\t\t<\/div>\n\t\t\t\t\t<\/div>\n\t\t<\/section>\n\t\t\t\t<section class=\"elementor-section elementor-top-section elementor-element elementor-element-b6a27ad elementor-section-boxed elementor-section-height-default elementor-section-height-default\" data-id=\"b6a27ad\" data-element_type=\"section\">\n\t\t\t\t\t\t<div class=\"elementor-container elementor-column-gap-default\">\n\t\t\t\t\t<div class=\"elementor-column elementor-col-100 elementor-top-column elementor-element elementor-element-a805454\" data-id=\"a805454\" data-element_type=\"column\" data-settings=\"{&quot;background_background&quot;:&quot;classic&quot;}\">\n\t\t\t<div class=\"elementor-widget-wrap elementor-element-populated\">\n\t\t\t\t\t\t<div class=\"elementor-element elementor-element-fcc4b96 elementor-widget elementor-widget-text-editor\" data-id=\"fcc4b96\" data-element_type=\"widget\" data-widget_type=\"text-editor.default\">\n\t\t\t\t<div class=\"elementor-widget-container\">\n\t\t\t\t\t\t\t\t\t<p><strong>Bildnachweis<\/strong>:\u00a0\u00a9 KunstLoft<\/p>\t\t\t\t\t\t\t\t<\/div>\n\t\t\t\t<\/div>\n\t\t\t\t\t<\/div>\n\t\t<\/div>\n\t\t\t\t\t<\/div>\n\t\t<\/section>\n\t\t\t\t<\/div>\n\t\t","protected":false},"excerpt":{"rendered":"<p>Der Sommer ist die Zeit, in der die Natur in voller Bl\u00fcte steht und uns mit strahlendem Sonnenschein verw\u00f6hnt. Warum also nicht auch unser Zuhause in eine Oase der Sommerfreuden verwandeln? Mit der richtigen Sommerdeko wird Ihre Einrichtung zu einem Ort, an dem Sie die warmen Tage in vollen Z\u00fcgen genie\u00dfen k\u00f6nnen. In diesem Artikel pr\u00e4sentieren wir Ihnen eine F\u00fclle von inspirierenden Ideen, wie Sie mit Kunst und Dekoration das Flair des Sommers in Ihre vier W\u00e4nde zaubern k\u00f6nnen.<\/p>\n","protected":false},"author":4,"featured_media":6141,"comment_status":"closed","ping_status":"closed","sticky":false,"template":"","format":"standard","meta":{"footnotes":""},"categories":[3],"tags":[],"class_list":["post-6054","post","type-post","status-publish","format-standard","has-post-thumbnail","hentry","category-dekorieren-und-einrichten"],"yoast_head":"<!-- This site is optimized with the Yoast SEO plugin v26.2 - https:\/\/yoast.com\/wordpress\/plugins\/seo\/ -->\n<title>Sommerdeko-Ideen f\u00fcr ein kunstvolles Zuhause - KUNSTLOFT<\/title>\n<meta name=\"description\" content=\"Sommer in den eigenen vier W\u00e4nden - wir zeigen Ihnen, wie Sie mit Wandbildern &amp; stilvollen Einrichtungselementen den Sommer in Ihr Zuhause bringen!\" \/>\n<meta name=\"robots\" content=\"index, follow, max-snippet:-1, max-image-preview:large, max-video-preview:-1\" \/>\n<link rel=\"canonical\" href=\"https:\/\/www.kunstloft.ch\/magazin\/sommerdeko-ideen\/\" \/>\n<meta property=\"og:locale\" content=\"de_DE\" \/>\n<meta property=\"og:type\" content=\"article\" \/>\n<meta property=\"og:title\" content=\"Sommerdeko-Ideen f\u00fcr ein kunstvolles Zuhause - KUNSTLOFT\" \/>\n<meta property=\"og:description\" content=\"Sommer in den eigenen vier W\u00e4nden - wir zeigen Ihnen, wie Sie mit Wandbildern &amp; stilvollen Einrichtungselementen den Sommer in Ihr Zuhause bringen!\" \/>\n<meta property=\"og:url\" content=\"https:\/\/www.kunstloft.ch\/magazin\/sommerdeko-ideen\/\" \/>\n<meta property=\"og:site_name\" content=\"KUNSTLOFT\" \/>\n<meta property=\"article:publisher\" content=\"https:\/\/de-de.facebook.com\/kunstloft\/\" \/>\n<meta property=\"article:published_time\" content=\"2023-08-12T08:38:00+00:00\" \/>\n<meta property=\"article:modified_time\" content=\"2023-08-28T15:47:52+00:00\" \/>\n<meta property=\"og:image\" content=\"https:\/\/www.kunstloft.ch\/magazin\/wp-content\/uploads\/2023\/08\/kl05428-beaches-blue-colorful-acrylic-paintings-acrylic-pictures-canvas-modern-art.png\" \/>\n\t<meta property=\"og:image:width\" content=\"1920\" \/>\n\t<meta property=\"og:image:height\" content=\"1022\" \/>\n\t<meta property=\"og:image:type\" content=\"image\/png\" \/>\n<meta name=\"author\" content=\"Tamara\" \/>\n<meta name=\"twitter:card\" content=\"summary_large_image\" \/>\n<meta name=\"twitter:label1\" content=\"Geschrieben von\" \/>\n\t<meta name=\"twitter:data1\" content=\"Tamara\" \/>\n\t<meta name=\"twitter:label2\" content=\"Gesch\u00e4tzte Lesezeit\" \/>\n\t<meta name=\"twitter:data2\" content=\"6\u00a0Minuten\" \/>\n<script type=\"application\/ld+json\" class=\"yoast-schema-graph\">{\"@context\":\"https:\/\/schema.org\",\"@graph\":[{\"@type\":\"Article\",\"@id\":\"https:\/\/www.kunstloft.ch\/magazin\/sommerdeko-ideen\/#article\",\"isPartOf\":{\"@id\":\"https:\/\/www.kunstloft.ch\/magazin\/sommerdeko-ideen\/\"},\"author\":{\"name\":\"Tamara\",\"@id\":\"https:\/\/www.kunstloft.ch\/magazin\/#\/schema\/person\/8b496080ed5cd8a6f7fae542cb0c634b\"},\"headline\":\"Sommerdeko-Ideen f\u00fcr ein kunstvolles Zuhause\",\"datePublished\":\"2023-08-12T08:38:00+00:00\",\"dateModified\":\"2023-08-28T15:47:52+00:00\",\"mainEntityOfPage\":{\"@id\":\"https:\/\/www.kunstloft.ch\/magazin\/sommerdeko-ideen\/\"},\"wordCount\":643,\"publisher\":{\"@id\":\"https:\/\/www.kunstloft.ch\/magazin\/#organization\"},\"image\":{\"@id\":\"https:\/\/www.kunstloft.ch\/magazin\/sommerdeko-ideen\/#primaryimage\"},\"thumbnailUrl\":\"https:\/\/www.kunstloft.ch\/magazin\/wp-content\/uploads\/2023\/08\/kl05428-beaches-blue-colorful-acrylic-paintings-acrylic-pictures-canvas-modern-art.png\",\"articleSection\":[\"Dekorieren &amp; Einrichten\"],\"inLanguage\":\"de-CH\"},{\"@type\":\"WebPage\",\"@id\":\"https:\/\/www.kunstloft.ch\/magazin\/sommerdeko-ideen\/\",\"url\":\"https:\/\/www.kunstloft.ch\/magazin\/sommerdeko-ideen\/\",\"name\":\"Sommerdeko-Ideen f\u00fcr ein kunstvolles Zuhause - KUNSTLOFT\",\"isPartOf\":{\"@id\":\"https:\/\/www.kunstloft.ch\/magazin\/#website\"},\"primaryImageOfPage\":{\"@id\":\"https:\/\/www.kunstloft.ch\/magazin\/sommerdeko-ideen\/#primaryimage\"},\"image\":{\"@id\":\"https:\/\/www.kunstloft.ch\/magazin\/sommerdeko-ideen\/#primaryimage\"},\"thumbnailUrl\":\"https:\/\/www.kunstloft.ch\/magazin\/wp-content\/uploads\/2023\/08\/kl05428-beaches-blue-colorful-acrylic-paintings-acrylic-pictures-canvas-modern-art.png\",\"datePublished\":\"2023-08-12T08:38:00+00:00\",\"dateModified\":\"2023-08-28T15:47:52+00:00\",\"description\":\"Sommer in den eigenen vier W\u00e4nden - wir zeigen Ihnen, wie Sie mit Wandbildern & stilvollen Einrichtungselementen den Sommer in Ihr Zuhause bringen!\",\"breadcrumb\":{\"@id\":\"https:\/\/www.kunstloft.ch\/magazin\/sommerdeko-ideen\/#breadcrumb\"},\"inLanguage\":\"de-CH\",\"potentialAction\":[{\"@type\":\"ReadAction\",\"target\":[\"https:\/\/www.kunstloft.ch\/magazin\/sommerdeko-ideen\/\"]}]},{\"@type\":\"ImageObject\",\"inLanguage\":\"de-CH\",\"@id\":\"https:\/\/www.kunstloft.ch\/magazin\/sommerdeko-ideen\/#primaryimage\",\"url\":\"https:\/\/www.kunstloft.ch\/magazin\/wp-content\/uploads\/2023\/08\/kl05428-beaches-blue-colorful-acrylic-paintings-acrylic-pictures-canvas-modern-art.png\",\"contentUrl\":\"https:\/\/www.kunstloft.ch\/magazin\/wp-content\/uploads\/2023\/08\/kl05428-beaches-blue-colorful-acrylic-paintings-acrylic-pictures-canvas-modern-art.png\",\"width\":1920,\"height\":1022},{\"@type\":\"BreadcrumbList\",\"@id\":\"https:\/\/www.kunstloft.ch\/magazin\/sommerdeko-ideen\/#breadcrumb\",\"itemListElement\":[{\"@type\":\"ListItem\",\"position\":1,\"name\":\"Startseite\",\"item\":\"https:\/\/www.kunstloft.ch\/magazin\/\"},{\"@type\":\"ListItem\",\"position\":2,\"name\":\"Sommerdeko-Ideen f\u00fcr ein kunstvolles Zuhause\"}]},{\"@type\":\"WebSite\",\"@id\":\"https:\/\/www.kunstloft.ch\/magazin\/#website\",\"url\":\"https:\/\/www.kunstloft.ch\/magazin\/\",\"name\":\"KUNSTLOFT\",\"description\":\"Magazin\",\"publisher\":{\"@id\":\"https:\/\/www.kunstloft.ch\/magazin\/#organization\"},\"potentialAction\":[{\"@type\":\"SearchAction\",\"target\":{\"@type\":\"EntryPoint\",\"urlTemplate\":\"https:\/\/www.kunstloft.ch\/magazin\/?s={search_term_string}\"},\"query-input\":{\"@type\":\"PropertyValueSpecification\",\"valueRequired\":true,\"valueName\":\"search_term_string\"}}],\"inLanguage\":\"de-CH\"},{\"@type\":\"Organization\",\"@id\":\"https:\/\/www.kunstloft.ch\/magazin\/#organization\",\"name\":\"KUNSTLOFT\",\"url\":\"https:\/\/www.kunstloft.ch\/magazin\/\",\"logo\":{\"@type\":\"ImageObject\",\"inLanguage\":\"de-CH\",\"@id\":\"https:\/\/www.kunstloft.ch\/magazin\/#\/schema\/logo\/image\/\",\"url\":\"https:\/\/www.kunstloft.ch\/magazin\/wp-content\/uploads\/2022\/08\/Logo-Kunstloft-512x512-1.png\",\"contentUrl\":\"https:\/\/www.kunstloft.ch\/magazin\/wp-content\/uploads\/2022\/08\/Logo-Kunstloft-512x512-1.png\",\"width\":512,\"height\":512,\"caption\":\"KUNSTLOFT\"},\"image\":{\"@id\":\"https:\/\/www.kunstloft.ch\/magazin\/#\/schema\/logo\/image\/\"},\"sameAs\":[\"https:\/\/de-de.facebook.com\/kunstloft\/\",\"https:\/\/www.instagram.com\/kunstloft\/?hl=de\"]},{\"@type\":\"Person\",\"@id\":\"https:\/\/www.kunstloft.ch\/magazin\/#\/schema\/person\/8b496080ed5cd8a6f7fae542cb0c634b\",\"name\":\"Tamara\",\"image\":{\"@type\":\"ImageObject\",\"inLanguage\":\"de-CH\",\"@id\":\"https:\/\/www.kunstloft.ch\/magazin\/#\/schema\/person\/image\/\",\"url\":\"https:\/\/secure.gravatar.com\/avatar\/b251b28608a27805bf72e77541901c0f6f936bb1c7093b9d83d4dca32892bfab?s=96&d=mm&r=g\",\"contentUrl\":\"https:\/\/secure.gravatar.com\/avatar\/b251b28608a27805bf72e77541901c0f6f936bb1c7093b9d83d4dca32892bfab?s=96&d=mm&r=g\",\"caption\":\"Tamara\"},\"sameAs\":[\"https:\/\/www.kunstloft.de\/\"],\"url\":\"https:\/\/www.kunstloft.ch\/magazin\/author\/tamara_f\/\"}]}<\/script>\n<!-- \/ Yoast SEO plugin. -->","yoast_head_json":{"title":"Sommerdeko-Ideen f\u00fcr ein kunstvolles Zuhause - KUNSTLOFT","description":"Sommer in den eigenen vier W\u00e4nden - wir zeigen Ihnen, wie Sie mit Wandbildern & stilvollen Einrichtungselementen den Sommer in Ihr Zuhause bringen!","robots":{"index":"index","follow":"follow","max-snippet":"max-snippet:-1","max-image-preview":"max-image-preview:large","max-video-preview":"max-video-preview:-1"},"canonical":"https:\/\/www.kunstloft.ch\/magazin\/sommerdeko-ideen\/","og_locale":"de_DE","og_type":"article","og_title":"Sommerdeko-Ideen f\u00fcr ein kunstvolles Zuhause - KUNSTLOFT","og_description":"Sommer in den eigenen vier W\u00e4nden - wir zeigen Ihnen, wie Sie mit Wandbildern & stilvollen Einrichtungselementen den Sommer in Ihr Zuhause bringen!","og_url":"https:\/\/www.kunstloft.ch\/magazin\/sommerdeko-ideen\/","og_site_name":"KUNSTLOFT","article_publisher":"https:\/\/de-de.facebook.com\/kunstloft\/","article_published_time":"2023-08-12T08:38:00+00:00","article_modified_time":"2023-08-28T15:47:52+00:00","og_image":[{"width":1920,"height":1022,"url":"https:\/\/www.kunstloft.ch\/magazin\/wp-content\/uploads\/2023\/08\/kl05428-beaches-blue-colorful-acrylic-paintings-acrylic-pictures-canvas-modern-art.png","type":"image\/png"}],"author":"Tamara","twitter_card":"summary_large_image","twitter_misc":{"Geschrieben von":"Tamara","Gesch\u00e4tzte Lesezeit":"6\u00a0Minuten"},"schema":{"@context":"https:\/\/schema.org","@graph":[{"@type":"Article","@id":"https:\/\/www.kunstloft.ch\/magazin\/sommerdeko-ideen\/#article","isPartOf":{"@id":"https:\/\/www.kunstloft.ch\/magazin\/sommerdeko-ideen\/"},"author":{"name":"Tamara","@id":"https:\/\/www.kunstloft.ch\/magazin\/#\/schema\/person\/8b496080ed5cd8a6f7fae542cb0c634b"},"headline":"Sommerdeko-Ideen f\u00fcr ein kunstvolles Zuhause","datePublished":"2023-08-12T08:38:00+00:00","dateModified":"2023-08-28T15:47:52+00:00","mainEntityOfPage":{"@id":"https:\/\/www.kunstloft.ch\/magazin\/sommerdeko-ideen\/"},"wordCount":643,"publisher":{"@id":"https:\/\/www.kunstloft.ch\/magazin\/#organization"},"image":{"@id":"https:\/\/www.kunstloft.ch\/magazin\/sommerdeko-ideen\/#primaryimage"},"thumbnailUrl":"https:\/\/www.kunstloft.ch\/magazin\/wp-content\/uploads\/2023\/08\/kl05428-beaches-blue-colorful-acrylic-paintings-acrylic-pictures-canvas-modern-art.png","articleSection":["Dekorieren &amp; Einrichten"],"inLanguage":"de-CH"},{"@type":"WebPage","@id":"https:\/\/www.kunstloft.ch\/magazin\/sommerdeko-ideen\/","url":"https:\/\/www.kunstloft.ch\/magazin\/sommerdeko-ideen\/","name":"Sommerdeko-Ideen f\u00fcr ein kunstvolles Zuhause - KUNSTLOFT","isPartOf":{"@id":"https:\/\/www.kunstloft.ch\/magazin\/#website"},"primaryImageOfPage":{"@id":"https:\/\/www.kunstloft.ch\/magazin\/sommerdeko-ideen\/#primaryimage"},"image":{"@id":"https:\/\/www.kunstloft.ch\/magazin\/sommerdeko-ideen\/#primaryimage"},"thumbnailUrl":"https:\/\/www.kunstloft.ch\/magazin\/wp-content\/uploads\/2023\/08\/kl05428-beaches-blue-colorful-acrylic-paintings-acrylic-pictures-canvas-modern-art.png","datePublished":"2023-08-12T08:38:00+00:00","dateModified":"2023-08-28T15:47:52+00:00","description":"Sommer in den eigenen vier W\u00e4nden - wir zeigen Ihnen, wie Sie mit Wandbildern & stilvollen Einrichtungselementen den Sommer in Ihr Zuhause bringen!","breadcrumb":{"@id":"https:\/\/www.kunstloft.ch\/magazin\/sommerdeko-ideen\/#breadcrumb"},"inLanguage":"de-CH","potentialAction":[{"@type":"ReadAction","target":["https:\/\/www.kunstloft.ch\/magazin\/sommerdeko-ideen\/"]}]},{"@type":"ImageObject","inLanguage":"de-CH","@id":"https:\/\/www.kunstloft.ch\/magazin\/sommerdeko-ideen\/#primaryimage","url":"https:\/\/www.kunstloft.ch\/magazin\/wp-content\/uploads\/2023\/08\/kl05428-beaches-blue-colorful-acrylic-paintings-acrylic-pictures-canvas-modern-art.png","contentUrl":"https:\/\/www.kunstloft.ch\/magazin\/wp-content\/uploads\/2023\/08\/kl05428-beaches-blue-colorful-acrylic-paintings-acrylic-pictures-canvas-modern-art.png","width":1920,"height":1022},{"@type":"BreadcrumbList","@id":"https:\/\/www.kunstloft.ch\/magazin\/sommerdeko-ideen\/#breadcrumb","itemListElement":[{"@type":"ListItem","position":1,"name":"Startseite","item":"https:\/\/www.kunstloft.ch\/magazin\/"},{"@type":"ListItem","position":2,"name":"Sommerdeko-Ideen f\u00fcr ein kunstvolles Zuhause"}]},{"@type":"WebSite","@id":"https:\/\/www.kunstloft.ch\/magazin\/#website","url":"https:\/\/www.kunstloft.ch\/magazin\/","name":"KUNSTLOFT","description":"Magazin","publisher":{"@id":"https:\/\/www.kunstloft.ch\/magazin\/#organization"},"potentialAction":[{"@type":"SearchAction","target":{"@type":"EntryPoint","urlTemplate":"https:\/\/www.kunstloft.ch\/magazin\/?s={search_term_string}"},"query-input":{"@type":"PropertyValueSpecification","valueRequired":true,"valueName":"search_term_string"}}],"inLanguage":"de-CH"},{"@type":"Organization","@id":"https:\/\/www.kunstloft.ch\/magazin\/#organization","name":"KUNSTLOFT","url":"https:\/\/www.kunstloft.ch\/magazin\/","logo":{"@type":"ImageObject","inLanguage":"de-CH","@id":"https:\/\/www.kunstloft.ch\/magazin\/#\/schema\/logo\/image\/","url":"https:\/\/www.kunstloft.ch\/magazin\/wp-content\/uploads\/2022\/08\/Logo-Kunstloft-512x512-1.png","contentUrl":"https:\/\/www.kunstloft.ch\/magazin\/wp-content\/uploads\/2022\/08\/Logo-Kunstloft-512x512-1.png","width":512,"height":512,"caption":"KUNSTLOFT"},"image":{"@id":"https:\/\/www.kunstloft.ch\/magazin\/#\/schema\/logo\/image\/"},"sameAs":["https:\/\/de-de.facebook.com\/kunstloft\/","https:\/\/www.instagram.com\/kunstloft\/?hl=de"]},{"@type":"Person","@id":"https:\/\/www.kunstloft.ch\/magazin\/#\/schema\/person\/8b496080ed5cd8a6f7fae542cb0c634b","name":"Tamara","image":{"@type":"ImageObject","inLanguage":"de-CH","@id":"https:\/\/www.kunstloft.ch\/magazin\/#\/schema\/person\/image\/","url":"https:\/\/secure.gravatar.com\/avatar\/b251b28608a27805bf72e77541901c0f6f936bb1c7093b9d83d4dca32892bfab?s=96&d=mm&r=g","contentUrl":"https:\/\/secure.gravatar.com\/avatar\/b251b28608a27805bf72e77541901c0f6f936bb1c7093b9d83d4dca32892bfab?s=96&d=mm&r=g","caption":"Tamara"},"sameAs":["https:\/\/www.kunstloft.de\/"],"url":"https:\/\/www.kunstloft.ch\/magazin\/author\/tamara_f\/"}]}},"_links":{"self":[{"href":"https:\/\/www.kunstloft.ch\/magazin\/wp-json\/wp\/v2\/posts\/6054","targetHints":{"allow":["GET"]}}],"collection":[{"href":"https:\/\/www.kunstloft.ch\/magazin\/wp-json\/wp\/v2\/posts"}],"about":[{"href":"https:\/\/www.kunstloft.ch\/magazin\/wp-json\/wp\/v2\/types\/post"}],"author":[{"embeddable":true,"href":"https:\/\/www.kunstloft.ch\/magazin\/wp-json\/wp\/v2\/users\/4"}],"replies":[{"embeddable":true,"href":"https:\/\/www.kunstloft.ch\/magazin\/wp-json\/wp\/v2\/comments?post=6054"}],"version-history":[{"count":11,"href":"https:\/\/www.kunstloft.ch\/magazin\/wp-json\/wp\/v2\/posts\/6054\/revisions"}],"predecessor-version":[{"id":6192,"href":"https:\/\/www.kunstloft.ch\/magazin\/wp-json\/wp\/v2\/posts\/6054\/revisions\/6192"}],"wp:featuredmedia":[{"embeddable":true,"href":"https:\/\/www.kunstloft.ch\/magazin\/wp-json\/wp\/v2\/media\/6141"}],"wp:attachment":[{"href":"https:\/\/www.kunstloft.ch\/magazin\/wp-json\/wp\/v2\/media?parent=6054"}],"wp:term":[{"taxonomy":"category","embeddable":true,"href":"https:\/\/www.kunstloft.ch\/magazin\/wp-json\/wp\/v2\/categories?post=6054"},{"taxonomy":"post_tag","embeddable":true,"href":"https:\/\/www.kunstloft.ch\/magazin\/wp-json\/wp\/v2\/tags?post=6054"}],"curies":[{"name":"wp","href":"https:\/\/api.w.org\/{rel}","templated":true}]}}