{"id":46495,"date":"2024-08-23T14:02:00","date_gmt":"2024-08-23T12:02:00","guid":{"rendered":"https:\/\/www.kunstloft.co.uk\/magazine\/?p=29975"},"modified":"2025-09-01T14:55:42","modified_gmt":"2025-09-01T12:55:42","slug":"minimalistische-dekorationsideen-fuer-den-sommer","status":"publish","type":"post","link":"https:\/\/www.kunstloft.ch\/magazin\/minimalistische-dekorationsideen-fuer-den-sommer\/","title":{"rendered":"Frischer Wind im Haus: Minimalistische Dekorationsideen f\u00fcr den Sommer"},"content":{"rendered":"\t\t<div data-elementor-type=\"wp-post\" data-elementor-id=\"46495\" class=\"elementor elementor-46495\">\n\t\t\t\t\t\t<section class=\"elementor-section elementor-top-section elementor-element elementor-element-c2485f6 elementor-section-boxed elementor-section-height-default elementor-section-height-default\" data-id=\"c2485f6\" data-element_type=\"section\">\n\t\t\t\t\t\t<div class=\"elementor-container elementor-column-gap-default\">\n\t\t\t\t\t<div class=\"elementor-column elementor-col-100 elementor-top-column elementor-element elementor-element-282a76c\" data-id=\"282a76c\" data-element_type=\"column\">\n\t\t\t<div class=\"elementor-widget-wrap elementor-element-populated\">\n\t\t\t\t\t\t<div class=\"elementor-element elementor-element-b9ed986 elementor-widget elementor-widget-heading\" data-id=\"b9ed986\" data-element_type=\"widget\" data-widget_type=\"heading.default\">\n\t\t\t\t<div class=\"elementor-widget-container\">\n\t\t\t\t\t<h1 class=\"elementor-heading-title elementor-size-default\">Frischer Wind im Haus: Minimalistische Dekorationsideen f\u00fcr den Sommer<\/h1>\t\t\t\t<\/div>\n\t\t\t\t<\/div>\n\t\t\t\t<div class=\"elementor-element elementor-element-413d678 elementor-widget elementor-widget-text-editor\" data-id=\"413d678\" data-element_type=\"widget\" data-widget_type=\"text-editor.default\">\n\t\t\t\t<div class=\"elementor-widget-container\">\n\t\t\t\t\t\t\t\t\t<p><span style=\"font-weight: 400;\">Der Sommer ist die perfekte Zeit, um Ihr Zuhause mit einem neuen Look zu erfrischen, und es gibt keinen besseren Weg, dies zu tun als mit einer minimalistischen Einrichtung. Minimalistisches Sommerdekor f\u00e4ngt die Essenz der Jahreszeit ein &#8211; leicht, luftig und \u00fcbersichtlich. Dieser Stil verbessert nicht nur die \u00c4sthetik Ihres Hauses, sondern schafft auch eine ruhige und entspannende Umgebung. Lassen Sie uns die Vorteile und Ideen f\u00fcr die Umgestaltung Ihres Raums mit minimalistischem Sommerdekor erkunden.<\/span><\/p>\t\t\t\t\t\t\t\t<\/div>\n\t\t\t\t<\/div>\n\t\t\t\t<div class=\"elementor-element elementor-element-b41f1db elementor-widget elementor-widget-image\" data-id=\"b41f1db\" data-element_type=\"widget\" data-widget_type=\"image.default\">\n\t\t\t\t<div class=\"elementor-widget-container\">\n\t\t\t\t\t\t\t\t\t\t\t\t\t\t\t<img fetchpriority=\"high\" decoding=\"async\" width=\"950\" height=\"552\" src=\"https:\/\/www.kunstloft.ch\/magazin\/wp-content\/uploads\/2024\/09\/Minimalistische-Dekorationsideen-fuer-den-Sommer-1024x595.webp\" class=\"attachment-large size-large wp-image-46626\" alt=\"Minimalistische Dekorationsideen f\u00fcr den Sommer\" srcset=\"https:\/\/www.kunstloft.ch\/magazin\/wp-content\/uploads\/2024\/09\/Minimalistische-Dekorationsideen-fuer-den-Sommer-1024x595.webp 1024w, https:\/\/www.kunstloft.ch\/magazin\/wp-content\/uploads\/2024\/09\/Minimalistische-Dekorationsideen-fuer-den-Sommer-300x174.webp 300w, https:\/\/www.kunstloft.ch\/magazin\/wp-content\/uploads\/2024\/09\/Minimalistische-Dekorationsideen-fuer-den-Sommer-768x446.webp 768w, https:\/\/www.kunstloft.ch\/magazin\/wp-content\/uploads\/2024\/09\/Minimalistische-Dekorationsideen-fuer-den-Sommer-1536x892.webp 1536w, https:\/\/www.kunstloft.ch\/magazin\/wp-content\/uploads\/2024\/09\/Minimalistische-Dekorationsideen-fuer-den-Sommer-640x372.webp 640w, https:\/\/www.kunstloft.ch\/magazin\/wp-content\/uploads\/2024\/09\/Minimalistische-Dekorationsideen-fuer-den-Sommer.webp 1918w\" sizes=\"100vw\" \/>\t\t\t\t\t\t\t\t\t\t\t\t\t\t\t<\/div>\n\t\t\t\t<\/div>\n\t\t\t\t\t<\/div>\n\t\t<\/div>\n\t\t\t\t\t<\/div>\n\t\t<\/section>\n\t\t\t\t<section class=\"elementor-section elementor-top-section elementor-element elementor-element-e17f7db elementor-section-boxed elementor-section-height-default elementor-section-height-default\" data-id=\"e17f7db\" data-element_type=\"section\">\n\t\t\t\t\t\t<div class=\"elementor-container elementor-column-gap-default\">\n\t\t\t\t\t<div class=\"elementor-column elementor-col-100 elementor-top-column elementor-element elementor-element-441a71c\" data-id=\"441a71c\" data-element_type=\"column\">\n\t\t\t<div class=\"elementor-widget-wrap elementor-element-populated\">\n\t\t\t\t\t\t<section class=\"elementor-section elementor-inner-section elementor-element elementor-element-1f26a3c elementor-section-boxed elementor-section-height-default elementor-section-height-default\" data-id=\"1f26a3c\" data-element_type=\"section\">\n\t\t\t\t\t\t<div class=\"elementor-container elementor-column-gap-default\">\n\t\t\t\t\t<div class=\"elementor-column elementor-col-100 elementor-inner-column elementor-element elementor-element-fc4c2fa\" data-id=\"fc4c2fa\" data-element_type=\"column\">\n\t\t\t<div class=\"elementor-widget-wrap elementor-element-populated\">\n\t\t\t\t\t\t<div class=\"elementor-element elementor-element-58b171a elementor-widget elementor-widget-heading\" data-id=\"58b171a\" data-element_type=\"widget\" data-widget_type=\"heading.default\">\n\t\t\t\t<div class=\"elementor-widget-container\">\n\t\t\t\t\t<h3 class=\"elementor-heading-title elementor-size-default\">Das Inhaltsverzeichnis<\/h3>\t\t\t\t<\/div>\n\t\t\t\t<\/div>\n\t\t\t\t<div class=\"elementor-element elementor-element-9b87e02 elementor-widget elementor-widget-text-editor\" data-id=\"9b87e02\" data-element_type=\"widget\" data-widget_type=\"text-editor.default\">\n\t\t\t\t<div class=\"elementor-widget-container\">\n\t\t\t\t\t\t\t\t\t<ul><li><a href=\"#MinimalistischeKunst\">Minimalistische Kunst verstehen<\/a><\/li><li><a href=\"#Sommereinrichtung\">Warum eine minimalistische Sommereinrichtung?<\/a><\/li><li><a href=\"#EinrichtungsideenvonKunstLoft\">F\u00fcnf minimalistische Einrichtungsideen von KunstLoft<\/a><ul><li><a href=\"#Acryl-Gem\u00e4lde\">Acryl-Gem\u00e4lde<\/a><\/li><li><a href=\"#Metall-Gem\u00e4lde\">Metall-Gem\u00e4lde<\/a><\/li><li><a href=\"#3D-Wandkunst\">3D-Wandkunst<\/a><\/li><li><a href=\"#GerahmteMarmorkunstwerke\">Gerahmte Marmorkunstwerke<\/a><\/li><li><a href=\"#KunstdruckeundPoster\">Kunstdrucke und Poster<\/a><\/li><\/ul><\/li><li><a href=\"#perfektenFarbpalette\">Auswahl der perfekten Farbpalette<\/a><\/li><li><a href=\"#nat\u00fcrlichenLichts\">Maximierung des nat\u00fcrlichen Lichts<\/a><\/li><li><a href=\"#Nat\u00fcrlicheElemente\">Nat\u00fcrliche Elemente einbeziehen<\/a><\/li><li><a href=\"#einenminimalistischen\">Entr\u00fcmpeln f\u00fcr einen minimalistischen<\/a><\/li><li><a href=\"#minimalistischesDekor\">Ihr minimalistisches Dekor individuell gestalten<\/a><\/li><li><a href=\"#PflegenSieIhrminimalistisches\">Pflegen Sie Ihr minimalistisches Sommerdekor<\/a><\/li><li><a href=\"#Einkaufenf\u00fcrminimalistisches\">Einkaufen f\u00fcr minimalistisches Dekor<\/a><\/li><li><a href=\"#Fragen\">H\u00e4ufig gestellte Fragen<\/a><\/li><\/ul>\t\t\t\t\t\t\t\t<\/div>\n\t\t\t\t<\/div>\n\t\t\t\t\t<\/div>\n\t\t<\/div>\n\t\t\t\t\t<\/div>\n\t\t<\/section>\n\t\t\t\t\t<\/div>\n\t\t<\/div>\n\t\t\t\t\t<\/div>\n\t\t<\/section>\n\t\t\t\t<section class=\"elementor-section elementor-top-section elementor-element elementor-element-679da72 elementor-section-boxed elementor-section-height-default elementor-section-height-default\" data-id=\"679da72\" data-element_type=\"section\">\n\t\t\t\t\t\t<div class=\"elementor-container elementor-column-gap-default\">\n\t\t\t\t\t<div class=\"elementor-column elementor-col-100 elementor-top-column elementor-element elementor-element-1d80278\" data-id=\"1d80278\" data-element_type=\"column\">\n\t\t\t<div class=\"elementor-widget-wrap elementor-element-populated\">\n\t\t\t\t\t\t<div class=\"elementor-element elementor-element-3b7a789 elementor-widget elementor-widget-heading\" data-id=\"3b7a789\" data-element_type=\"widget\" id=\"MinimalistischeKunst\" data-widget_type=\"heading.default\">\n\t\t\t\t<div class=\"elementor-widget-container\">\n\t\t\t\t\t<h2 class=\"elementor-heading-title elementor-size-default\">Minimalistische Kunst verstehen<\/h2>\t\t\t\t<\/div>\n\t\t\t\t<\/div>\n\t\t\t\t<div class=\"elementor-element elementor-element-f658233 elementor-widget elementor-widget-text-editor\" data-id=\"f658233\" data-element_type=\"widget\" data-widget_type=\"text-editor.default\">\n\t\t\t\t<div class=\"elementor-widget-container\">\n\t\t\t\t\t\t\t\t\t<p><span style=\"font-weight: 400;\">Bei der minimalistischen Kunst geht es um Einfachheit und Funktionalit\u00e4t. Sie konzentriert sich auf klare Linien, eine <\/span><a href=\"https:\/\/www.kunstloft.ch\/magazin\/7-zeitlose-sommer-farbpaletten\/\" target=\"_blank\" rel=\"noopener\"><span style=\"font-weight: 400;\">neutrale Farbpalette<\/span><\/a><span style=\"font-weight: 400;\"> und eine aufger\u00e4umte Umgebung. Das macht sie zu einer idealen Wahl f\u00fcr die Sommerdekoration, bei der es darum geht, ein helles und luftiges Gef\u00fchl zu schaffen. Indem Sie sich minimalistische Prinzipien zu eigen machen, k\u00f6nnen Sie einen Raum schaffen, der sowohl erfrischend als auch einladend wirkt.<\/span><\/p>\t\t\t\t\t\t\t\t<\/div>\n\t\t\t\t<\/div>\n\t\t\t\t\t<\/div>\n\t\t<\/div>\n\t\t\t\t\t<\/div>\n\t\t<\/section>\n\t\t\t\t<section class=\"elementor-section elementor-top-section elementor-element elementor-element-2a2c80d elementor-section-boxed elementor-section-height-default elementor-section-height-default\" data-id=\"2a2c80d\" data-element_type=\"section\">\n\t\t\t\t\t\t<div class=\"elementor-container elementor-column-gap-default\">\n\t\t\t\t\t<div class=\"elementor-column elementor-col-100 elementor-top-column elementor-element elementor-element-69e8b4b\" data-id=\"69e8b4b\" data-element_type=\"column\">\n\t\t\t<div class=\"elementor-widget-wrap elementor-element-populated\">\n\t\t\t\t\t\t<div class=\"elementor-element elementor-element-2c8788d elementor-widget elementor-widget-heading\" data-id=\"2c8788d\" data-element_type=\"widget\" id=\"Sommereinrichtung\" data-widget_type=\"heading.default\">\n\t\t\t\t<div class=\"elementor-widget-container\">\n\t\t\t\t\t<h2 class=\"elementor-heading-title elementor-size-default\">Warum eine minimalistische Sommereinrichtung?<\/h2>\t\t\t\t<\/div>\n\t\t\t\t<\/div>\n\t\t\t\t<div class=\"elementor-element elementor-element-0d06c69 elementor-widget elementor-widget-text-editor\" data-id=\"0d06c69\" data-element_type=\"widget\" data-widget_type=\"text-editor.default\">\n\t\t\t\t<div class=\"elementor-widget-container\">\n\t\t\t\t\t\t\t\t\t<p><span style=\"font-weight: 400;\">Minimalistische Sommerdekoration hat mehrere Vorteile. Sie schafft einen ruhigen Raum, in dem Sie sich entspannen und abschalten k\u00f6nnen. Die Konzentration auf Einfachheit tr\u00e4gt dazu bei, das nat\u00fcrliche Licht zu verst\u00e4rken, wodurch Ihr Raum heller und offener wirkt. Au\u00dferdem kann ein <\/span><a href=\"https:\/\/www.kunstloft.ch\/magazin\/minimalismus-erleben-weniger-ist-mehr\/\" target=\"_blank\" rel=\"noopener\"><span style=\"font-weight: 400;\">minimalistischer Ansatz<\/span><\/a><span style=\"font-weight: 400;\"> dazu beitragen, Stress abzubauen, indem Unordnung und Ablenkungen beseitigt werden.<\/span><\/p>\t\t\t\t\t\t\t\t<\/div>\n\t\t\t\t<\/div>\n\t\t\t\t\t<\/div>\n\t\t<\/div>\n\t\t\t\t\t<\/div>\n\t\t<\/section>\n\t\t\t\t<section class=\"elementor-section elementor-top-section elementor-element elementor-element-cc23af1 elementor-section-boxed elementor-section-height-default elementor-section-height-default\" data-id=\"cc23af1\" data-element_type=\"section\">\n\t\t\t\t\t\t<div class=\"elementor-container elementor-column-gap-default\">\n\t\t\t\t\t<div class=\"elementor-column elementor-col-100 elementor-top-column elementor-element elementor-element-d737ba4\" data-id=\"d737ba4\" data-element_type=\"column\">\n\t\t\t<div class=\"elementor-widget-wrap elementor-element-populated\">\n\t\t\t\t\t\t<div class=\"elementor-element elementor-element-65edec6 elementor-widget elementor-widget-heading\" data-id=\"65edec6\" data-element_type=\"widget\" id=\"EinrichtungsideenvonKuntLoft\" data-widget_type=\"heading.default\">\n\t\t\t\t<div class=\"elementor-widget-container\">\n\t\t\t\t\t<h2 class=\"elementor-heading-title elementor-size-default\">F\u00fcnf minimalistische Einrichtungsideen von KunstLoft<\/h2>\t\t\t\t<\/div>\n\t\t\t\t<\/div>\n\t\t\t\t<div class=\"elementor-element elementor-element-1deaa39 elementor-widget elementor-widget-text-editor\" data-id=\"1deaa39\" data-element_type=\"widget\" data-widget_type=\"text-editor.default\">\n\t\t\t\t<div class=\"elementor-widget-container\">\n\t\t\t\t\t\t\t\t\t<p><span style=\"font-weight: 400;\">Hier sind f\u00fcnf Ideen, wie Sie Ihrem Zuhause mit KunstLoft-Produkten ein minimalistisches Sommergef\u00fchl verleihen k\u00f6nnen:<\/span><\/p>\t\t\t\t\t\t\t\t<\/div>\n\t\t\t\t<\/div>\n\t\t\t\t<div class=\"elementor-element elementor-element-27e9807 elementor-widget elementor-widget-heading\" data-id=\"27e9807\" data-element_type=\"widget\" id=\"Acryl-Gem\u00e4lde\" data-widget_type=\"heading.default\">\n\t\t\t\t<div class=\"elementor-widget-container\">\n\t\t\t\t\t<h3 class=\"elementor-heading-title elementor-size-default\">Idee 1: Acryl-Gem\u00e4lde<\/h3>\t\t\t\t<\/div>\n\t\t\t\t<\/div>\n\t\t\t\t<div class=\"elementor-element elementor-element-0a48adf elementor-widget elementor-widget-text-editor\" data-id=\"0a48adf\" data-element_type=\"widget\" data-widget_type=\"text-editor.default\">\n\t\t\t\t<div class=\"elementor-widget-container\">\n\t\t\t\t\t\t\t\t\t<p><a href=\"https:\/\/www.kunstloft.ch\/acrylbilder\/\" target=\"_blank\" rel=\"noopener\"><span style=\"font-weight: 400;\">Die Acrylbilder von KunstLoft<\/span><\/a><span style=\"font-weight: 400;\"> bieten leuchtende Farben und eine glatte Oberfl\u00e4che, die jeden Raum versch\u00f6nern. Ihre Schlichtheit und Eleganz machen sie perfekt f\u00fcr ein minimalistisches Sommerthema. W\u00e4hlen Sie Bilder mit hellen, sommerlichen Farben, um die saisonale Stimmung zu verst\u00e4rken.<\/span><\/p>\t\t\t\t\t\t\t\t<\/div>\n\t\t\t\t<\/div>\n\t\t\t\t<div class=\"elementor-element elementor-element-7c3aeba elementor-widget elementor-widget-image\" data-id=\"7c3aeba\" data-element_type=\"widget\" data-widget_type=\"image.default\">\n\t\t\t\t<div class=\"elementor-widget-container\">\n\t\t\t\t\t\t\t\t\t\t\t\t\t\t\t\t<a href=\"https:\/\/www.kunstloft.ch\/802-acryl-gemaelde-auf-hoher-see\/\" target=\"_blank\">\n\t\t\t\t\t\t\t<img decoding=\"async\" width=\"950\" height=\"950\" src=\"https:\/\/www.kunstloft.ch\/magazin\/wp-content\/uploads\/2024\/09\/Klassisch-minimalistisches-Wohnzimmer-mit-Acrylmalerei-an-der-Wand-KL00787-1024x1024.webp\" class=\"attachment-large size-large wp-image-46577\" alt=\"Klassisch-minimalistisches-Wohnzimmer-mit-Acrylmalerei-an-der-Wand-KL00787\" srcset=\"https:\/\/www.kunstloft.ch\/magazin\/wp-content\/uploads\/2024\/09\/Klassisch-minimalistisches-Wohnzimmer-mit-Acrylmalerei-an-der-Wand-KL00787-1024x1024.webp 1024w, https:\/\/www.kunstloft.ch\/magazin\/wp-content\/uploads\/2024\/09\/Klassisch-minimalistisches-Wohnzimmer-mit-Acrylmalerei-an-der-Wand-KL00787-300x300.webp 300w, https:\/\/www.kunstloft.ch\/magazin\/wp-content\/uploads\/2024\/09\/Klassisch-minimalistisches-Wohnzimmer-mit-Acrylmalerei-an-der-Wand-KL00787-150x150.webp 150w, https:\/\/www.kunstloft.ch\/magazin\/wp-content\/uploads\/2024\/09\/Klassisch-minimalistisches-Wohnzimmer-mit-Acrylmalerei-an-der-Wand-KL00787-768x768.webp 768w, https:\/\/www.kunstloft.ch\/magazin\/wp-content\/uploads\/2024\/09\/Klassisch-minimalistisches-Wohnzimmer-mit-Acrylmalerei-an-der-Wand-KL00787-640x640.webp 640w, https:\/\/www.kunstloft.ch\/magazin\/wp-content\/uploads\/2024\/09\/Klassisch-minimalistisches-Wohnzimmer-mit-Acrylmalerei-an-der-Wand-KL00787.webp 1200w\" sizes=\"100vw\" \/>\t\t\t\t\t\t\t\t<\/a>\n\t\t\t\t\t\t\t\t\t\t\t\t\t\t\t<\/div>\n\t\t\t\t<\/div>\n\t\t\t\t<div class=\"elementor-element elementor-element-f897c1b elementor-widget elementor-widget-text-editor\" data-id=\"f897c1b\" data-element_type=\"widget\" data-widget_type=\"text-editor.default\">\n\t\t\t\t<div class=\"elementor-widget-container\">\n\t\t\t\t\t\t\t\t\t<p style=\"text-align: center;\"><a href=\"https:\/\/www.kunstloft.ch\/802-acryl-gemaelde-auf-hoher-see\/\" target=\"_blank\" rel=\"noopener\">Handgemaltes Gem\u00e4lde &#8218;Auf hoher See&#8216; 80x80cm<\/a><\/p>\t\t\t\t\t\t\t\t<\/div>\n\t\t\t\t<\/div>\n\t\t\t\t\t<\/div>\n\t\t<\/div>\n\t\t\t\t\t<\/div>\n\t\t<\/section>\n\t\t\t\t<section class=\"elementor-section elementor-top-section elementor-element elementor-element-cf5d512 elementor-section-boxed elementor-section-height-default elementor-section-height-default\" data-id=\"cf5d512\" data-element_type=\"section\">\n\t\t\t\t\t\t<div class=\"elementor-container elementor-column-gap-default\">\n\t\t\t\t\t<div class=\"elementor-column elementor-col-100 elementor-top-column elementor-element elementor-element-cc9c6c1\" data-id=\"cc9c6c1\" data-element_type=\"column\">\n\t\t\t<div class=\"elementor-widget-wrap elementor-element-populated\">\n\t\t\t\t\t\t<div class=\"elementor-element elementor-element-a694ee7 elementor-widget-divider--view-line_text elementor-widget-divider--element-align-center elementor-widget elementor-widget-divider\" data-id=\"a694ee7\" data-element_type=\"widget\" data-widget_type=\"divider.default\">\n\t\t\t\t<div class=\"elementor-widget-container\">\n\t\t\t\t\t\t\t<div class=\"elementor-divider\">\n\t\t\t<span class=\"elementor-divider-separator\">\n\t\t\t\t\t\t\t<span class=\"elementor-divider__text elementor-divider__element\">\n\t\t\t\tMINIMALISTISCHE SOMMER-ACRYLBILDER ALS ERG\u00c4NZUNG F\u00dcR IHR ZUHAUSE\t\t\t\t<\/span>\n\t\t\t\t\t\t<\/span>\n\t\t<\/div>\n\t\t\t\t\t\t<\/div>\n\t\t\t\t<\/div>\n\t\t\t\t\t<\/div>\n\t\t<\/div>\n\t\t\t\t\t<\/div>\n\t\t<\/section>\n\t\t\t\t<section class=\"elementor-section elementor-top-section elementor-element elementor-element-144a57f elementor-section-boxed elementor-section-height-default elementor-section-height-default\" data-id=\"144a57f\" data-element_type=\"section\">\n\t\t\t\t\t\t<div class=\"elementor-container elementor-column-gap-default\">\n\t\t\t\t\t<div class=\"elementor-column elementor-col-20 elementor-top-column elementor-element elementor-element-7833728\" data-id=\"7833728\" data-element_type=\"column\">\n\t\t\t<div class=\"elementor-widget-wrap elementor-element-populated\">\n\t\t\t\t\t\t<div class=\"elementor-element elementor-element-a369e99 elementor-widget elementor-widget-image\" data-id=\"a369e99\" data-element_type=\"widget\" data-widget_type=\"image.default\">\n\t\t\t\t<div class=\"elementor-widget-container\">\n\t\t\t\t\t\t\t\t\t\t\t\t\t\t\t\t<a href=\"https:\/\/www.kunstloft.ch\/798-acryl-gemaelde-endspurt\/\" target=\"_blank\">\n\t\t\t\t\t\t\t<img decoding=\"async\" width=\"600\" height=\"400\" src=\"https:\/\/www.kunstloft.ch\/magazin\/wp-content\/uploads\/2024\/09\/kl00767-segelboote-schiffe-abstakt-boote-modern-acryl-gemaelde-oel-bild-025798a5bcd6d90.webp\" class=\"attachment-large size-large wp-image-46582\" alt=\"kl00767-segelboote-schiffe-abstakt-boote-modern-acryl-gemaelde-oel-bild-025798a5bcd6d90\" srcset=\"https:\/\/www.kunstloft.ch\/magazin\/wp-content\/uploads\/2024\/09\/kl00767-segelboote-schiffe-abstakt-boote-modern-acryl-gemaelde-oel-bild-025798a5bcd6d90.webp 600w, https:\/\/www.kunstloft.ch\/magazin\/wp-content\/uploads\/2024\/09\/kl00767-segelboote-schiffe-abstakt-boote-modern-acryl-gemaelde-oel-bild-025798a5bcd6d90-300x200.webp 300w\" sizes=\"100vw\" \/>\t\t\t\t\t\t\t\t<\/a>\n\t\t\t\t\t\t\t\t\t\t\t\t\t\t\t<\/div>\n\t\t\t\t<\/div>\n\t\t\t\t<div class=\"elementor-element elementor-element-785e574 elementor-widget elementor-widget-text-editor\" data-id=\"785e574\" data-element_type=\"widget\" data-widget_type=\"text-editor.default\">\n\t\t\t\t<div class=\"elementor-widget-container\">\n\t\t\t\t\t\t\t\t\t<p style=\"text-align: center;\"><a href=\"https:\/\/www.kunstloft.ch\/798-acryl-gemaelde-endspurt\/\" target=\"_blank\" rel=\"noopener\">Handgemaltes Gem\u00e4lde &#8218;Endspurt&#8216;<\/a><\/p>\t\t\t\t\t\t\t\t<\/div>\n\t\t\t\t<\/div>\n\t\t\t\t\t<\/div>\n\t\t<\/div>\n\t\t\t\t<div class=\"elementor-column elementor-col-20 elementor-top-column elementor-element elementor-element-3567d5d\" data-id=\"3567d5d\" data-element_type=\"column\">\n\t\t\t<div class=\"elementor-widget-wrap elementor-element-populated\">\n\t\t\t\t\t\t<div class=\"elementor-element elementor-element-ef28bb2 elementor-widget elementor-widget-image\" data-id=\"ef28bb2\" data-element_type=\"widget\" data-widget_type=\"image.default\">\n\t\t\t\t<div class=\"elementor-widget-container\">\n\t\t\t\t\t\t\t\t\t\t\t\t\t\t\t\t<a href=\"https:\/\/www.kunstloft.ch\/122-acryl-gemaelde-fernweh-feeling\/\" target=\"_blank\">\n\t\t\t\t\t\t\t<img loading=\"lazy\" decoding=\"async\" width=\"600\" height=\"400\" src=\"https:\/\/www.kunstloft.ch\/magazin\/wp-content\/uploads\/2024\/09\/kl00062-sommermeerbooteampmoeweninblaumodernacrylgemaeldeoelbildoelgemaelde-01.webp\" class=\"attachment-large size-large wp-image-46580\" alt=\"kl00062-sommermeerbooteampmoeweninblaumodernacrylgemaeldeoelbildoelgemaelde-01\" srcset=\"https:\/\/www.kunstloft.ch\/magazin\/wp-content\/uploads\/2024\/09\/kl00062-sommermeerbooteampmoeweninblaumodernacrylgemaeldeoelbildoelgemaelde-01.webp 600w, https:\/\/www.kunstloft.ch\/magazin\/wp-content\/uploads\/2024\/09\/kl00062-sommermeerbooteampmoeweninblaumodernacrylgemaeldeoelbildoelgemaelde-01-300x200.webp 300w\" sizes=\"100vw\" \/>\t\t\t\t\t\t\t\t<\/a>\n\t\t\t\t\t\t\t\t\t\t\t\t\t\t\t<\/div>\n\t\t\t\t<\/div>\n\t\t\t\t<div class=\"elementor-element elementor-element-24ea7f9 elementor-widget elementor-widget-text-editor\" data-id=\"24ea7f9\" data-element_type=\"widget\" data-widget_type=\"text-editor.default\">\n\t\t\t\t<div class=\"elementor-widget-container\">\n\t\t\t\t\t\t\t\t\t<p style=\"text-align: center;\"><a href=\"https:\/\/www.kunstloft.ch\/122-acryl-gemaelde-fernweh-feeling\/\" target=\"_blank\" rel=\"noopener\">Handgemaltes Gem\u00e4lde &#8218;Fernweh Feeling&#8216;<\/a><\/p>\t\t\t\t\t\t\t\t<\/div>\n\t\t\t\t<\/div>\n\t\t\t\t\t<\/div>\n\t\t<\/div>\n\t\t\t\t<div class=\"elementor-column elementor-col-20 elementor-top-column elementor-element elementor-element-5e36794\" data-id=\"5e36794\" data-element_type=\"column\">\n\t\t\t<div class=\"elementor-widget-wrap elementor-element-populated\">\n\t\t\t\t\t\t<div class=\"elementor-element elementor-element-d82f3b2 elementor-widget elementor-widget-image\" data-id=\"d82f3b2\" data-element_type=\"widget\" data-widget_type=\"image.default\">\n\t\t\t\t<div class=\"elementor-widget-container\">\n\t\t\t\t\t\t\t\t\t\t\t\t\t\t\t\t<a href=\"https:\/\/www.kunstloft.ch\/5593-acryl-gemaelde-reise-ans-meer\/\">\n\t\t\t\t\t\t\t<img loading=\"lazy\" decoding=\"async\" width=\"600\" height=\"400\" src=\"https:\/\/www.kunstloft.ch\/magazin\/wp-content\/uploads\/2024\/09\/kl05430-straende-blau-grau-acryl-gemaelde-acryl-bilder-leinwandbilder-moderne-kunst-01.webp\" class=\"attachment-large size-large wp-image-46583\" alt=\"kl05430-straende-blau-grau-acryl-gemaelde-acryl-bilder-leinwandbilder-moderne-kunst-01\" srcset=\"https:\/\/www.kunstloft.ch\/magazin\/wp-content\/uploads\/2024\/09\/kl05430-straende-blau-grau-acryl-gemaelde-acryl-bilder-leinwandbilder-moderne-kunst-01.webp 600w, https:\/\/www.kunstloft.ch\/magazin\/wp-content\/uploads\/2024\/09\/kl05430-straende-blau-grau-acryl-gemaelde-acryl-bilder-leinwandbilder-moderne-kunst-01-300x200.webp 300w\" sizes=\"100vw\" \/>\t\t\t\t\t\t\t\t<\/a>\n\t\t\t\t\t\t\t\t\t\t\t\t\t\t\t<\/div>\n\t\t\t\t<\/div>\n\t\t\t\t<div class=\"elementor-element elementor-element-b605380 elementor-widget elementor-widget-text-editor\" data-id=\"b605380\" data-element_type=\"widget\" data-widget_type=\"text-editor.default\">\n\t\t\t\t<div class=\"elementor-widget-container\">\n\t\t\t\t\t\t\t\t\t<p style=\"text-align: center;\"><a href=\"https:\/\/www.kunstloft.ch\/5593-acryl-gemaelde-reise-ans-meer\/\" target=\"_blank\" rel=\"noopener\">Handgemaltes Gem\u00e4lde <br \/>&#8218;Reise ans Meer&#8216;<\/a><\/p>\t\t\t\t\t\t\t\t<\/div>\n\t\t\t\t<\/div>\n\t\t\t\t\t<\/div>\n\t\t<\/div>\n\t\t\t\t<div class=\"elementor-column elementor-col-20 elementor-top-column elementor-element elementor-element-efa0cd6\" data-id=\"efa0cd6\" data-element_type=\"column\">\n\t\t\t<div class=\"elementor-widget-wrap elementor-element-populated\">\n\t\t\t\t\t\t<div class=\"elementor-element elementor-element-1cd8e28 elementor-widget elementor-widget-image\" data-id=\"1cd8e28\" data-element_type=\"widget\" data-widget_type=\"image.default\">\n\t\t\t\t<div class=\"elementor-widget-container\">\n\t\t\t\t\t\t\t\t\t\t\t\t\t\t\t\t<a href=\"https:\/\/www.kunstloft.ch\/976-acryl-gemaelde-riding-the-waves\/\" target=\"_blank\">\n\t\t\t\t\t\t\t<img loading=\"lazy\" decoding=\"async\" width=\"600\" height=\"400\" src=\"https:\/\/www.kunstloft.ch\/magazin\/wp-content\/uploads\/2024\/09\/kl00873-segel-boot-blau-meer-modern-acryl-gemaelde-oel-bild-02.webp\" class=\"attachment-large size-large wp-image-46578\" alt=\"kl00873-segel-boot-blau-meer-modern-acryl-gemaelde-oel-bild-02\" srcset=\"https:\/\/www.kunstloft.ch\/magazin\/wp-content\/uploads\/2024\/09\/kl00873-segel-boot-blau-meer-modern-acryl-gemaelde-oel-bild-02.webp 600w, https:\/\/www.kunstloft.ch\/magazin\/wp-content\/uploads\/2024\/09\/kl00873-segel-boot-blau-meer-modern-acryl-gemaelde-oel-bild-02-300x200.webp 300w\" sizes=\"100vw\" \/>\t\t\t\t\t\t\t\t<\/a>\n\t\t\t\t\t\t\t\t\t\t\t\t\t\t\t<\/div>\n\t\t\t\t<\/div>\n\t\t\t\t<div class=\"elementor-element elementor-element-93bd04c elementor-widget elementor-widget-text-editor\" data-id=\"93bd04c\" data-element_type=\"widget\" data-widget_type=\"text-editor.default\">\n\t\t\t\t<div class=\"elementor-widget-container\">\n\t\t\t\t\t\t\t\t\t<p style=\"text-align: center;\"><a href=\"https:\/\/www.kunstloft.ch\/976-acryl-gemaelde-riding-the-waves\/\" target=\"_blank\" rel=\"noopener\">Handgemaltes Gem\u00e4lde <br \/>&#8218;Riding the Waves&#8216;<\/a><\/p>\t\t\t\t\t\t\t\t<\/div>\n\t\t\t\t<\/div>\n\t\t\t\t\t<\/div>\n\t\t<\/div>\n\t\t\t\t<div class=\"elementor-column elementor-col-20 elementor-top-column elementor-element elementor-element-000b81b\" data-id=\"000b81b\" data-element_type=\"column\">\n\t\t\t<div class=\"elementor-widget-wrap elementor-element-populated\">\n\t\t\t\t\t\t<div class=\"elementor-element elementor-element-5baecf0 elementor-widget elementor-widget-image\" data-id=\"5baecf0\" data-element_type=\"widget\" data-widget_type=\"image.default\">\n\t\t\t\t<div class=\"elementor-widget-container\">\n\t\t\t\t\t\t\t\t\t\t\t\t\t\t\t\t<a href=\"https:\/\/www.kunstloft.ch\/6713-acryl-gemaelde-morning-in-the-tropics\/\" target=\"_blank\">\n\t\t\t\t\t\t\t<img loading=\"lazy\" decoding=\"async\" width=\"600\" height=\"400\" src=\"https:\/\/www.kunstloft.ch\/magazin\/wp-content\/uploads\/2024\/09\/kl05481-natur-dschungel-blau-braun-acryl-gemaelde-acryl-bilder-leinwandbilder-moderne-kunst-01.webp\" class=\"attachment-large size-large wp-image-46579\" alt=\"kl00873-segel-boot-blau-meer-modern-acryl-gemaelde-oel-bild-02\" srcset=\"https:\/\/www.kunstloft.ch\/magazin\/wp-content\/uploads\/2024\/09\/kl05481-natur-dschungel-blau-braun-acryl-gemaelde-acryl-bilder-leinwandbilder-moderne-kunst-01.webp 600w, https:\/\/www.kunstloft.ch\/magazin\/wp-content\/uploads\/2024\/09\/kl05481-natur-dschungel-blau-braun-acryl-gemaelde-acryl-bilder-leinwandbilder-moderne-kunst-01-300x200.webp 300w\" sizes=\"100vw\" \/>\t\t\t\t\t\t\t\t<\/a>\n\t\t\t\t\t\t\t\t\t\t\t\t\t\t\t<\/div>\n\t\t\t\t<\/div>\n\t\t\t\t<div class=\"elementor-element elementor-element-91e2699 elementor-widget elementor-widget-text-editor\" data-id=\"91e2699\" data-element_type=\"widget\" data-widget_type=\"text-editor.default\">\n\t\t\t\t<div class=\"elementor-widget-container\">\n\t\t\t\t\t\t\t\t\t<p style=\"text-align: center;\"><a href=\"https:\/\/www.kunstloft.ch\/6713-acryl-gemaelde-morning-in-the-tropics\/\" target=\"_blank\" rel=\"noopener\">Handgemaltes Gem\u00e4lde &#8218;Morning in the Tropics&#8216;<\/a><\/p>\t\t\t\t\t\t\t\t<\/div>\n\t\t\t\t<\/div>\n\t\t\t\t\t<\/div>\n\t\t<\/div>\n\t\t\t\t\t<\/div>\n\t\t<\/section>\n\t\t\t\t<section class=\"elementor-section elementor-top-section elementor-element elementor-element-6533ef0 elementor-section-boxed elementor-section-height-default elementor-section-height-default\" data-id=\"6533ef0\" data-element_type=\"section\">\n\t\t\t\t\t\t<div class=\"elementor-container elementor-column-gap-default\">\n\t\t\t\t\t<div class=\"elementor-column elementor-col-100 elementor-top-column elementor-element elementor-element-9483b3c\" data-id=\"9483b3c\" data-element_type=\"column\">\n\t\t\t<div class=\"elementor-widget-wrap elementor-element-populated\">\n\t\t\t\t\t\t<div class=\"elementor-element elementor-element-e58cde2 elementor-widget elementor-widget-heading\" data-id=\"e58cde2\" data-element_type=\"widget\" id=\"Metall-Gem\u00e4lde\" data-widget_type=\"heading.default\">\n\t\t\t\t<div class=\"elementor-widget-container\">\n\t\t\t\t\t<h3 class=\"elementor-heading-title elementor-size-default\">Idee 2: Metall-Gem\u00e4lde<\/h3>\t\t\t\t<\/div>\n\t\t\t\t<\/div>\n\t\t\t\t<div class=\"elementor-element elementor-element-9bba31d elementor-widget elementor-widget-text-editor\" data-id=\"9bba31d\" data-element_type=\"widget\" data-widget_type=\"text-editor.default\">\n\t\t\t\t<div class=\"elementor-widget-container\">\n\t\t\t\t\t\t\t\t\t<p><span style=\"font-weight: 400;\">Metallbilder sind eine fantastische M\u00f6glichkeit, Ihrer Einrichtung einen modernen Touch zu verleihen. <\/span><a href=\"https:\/\/www.kunstloft.ch\/metallbilder-3d\/\" target=\"_blank\" rel=\"noopener\"><span style=\"font-weight: 400;\">Die Metallbilder von KunstLoft<\/span><\/a><span style=\"font-weight: 400;\"> haben ein schlichtes Design, das in einem minimalistischen Raum als Blickfang dienen kann. Ihre spiegelnden Oberfl\u00e4chen k\u00f6nnen auch dazu beitragen, das Licht im Raum zu reflektieren, wodurch dieser offener und luftiger wirkt.<\/span><\/p>\t\t\t\t\t\t\t\t<\/div>\n\t\t\t\t<\/div>\n\t\t\t\t\t<\/div>\n\t\t<\/div>\n\t\t\t\t\t<\/div>\n\t\t<\/section>\n\t\t\t\t<section class=\"elementor-section elementor-top-section elementor-element elementor-element-287a8c5 elementor-section-boxed elementor-section-height-default elementor-section-height-default\" data-id=\"287a8c5\" data-element_type=\"section\">\n\t\t\t\t\t\t<div class=\"elementor-container elementor-column-gap-default\">\n\t\t\t\t\t<div class=\"elementor-column elementor-col-100 elementor-top-column elementor-element elementor-element-276afc5\" data-id=\"276afc5\" data-element_type=\"column\">\n\t\t\t<div class=\"elementor-widget-wrap elementor-element-populated\">\n\t\t\t\t\t\t<div class=\"elementor-element elementor-element-349b067 elementor-widget-divider--view-line_text elementor-widget-divider--element-align-center elementor-widget elementor-widget-divider\" data-id=\"349b067\" data-element_type=\"widget\" data-widget_type=\"divider.default\">\n\t\t\t\t<div class=\"elementor-widget-container\">\n\t\t\t\t\t\t\t<div class=\"elementor-divider\">\n\t\t\t<span class=\"elementor-divider-separator\">\n\t\t\t\t\t\t\t<span class=\"elementor-divider__text elementor-divider__element\">\n\t\t\t\tMINIMALISTISCHE SOMMER-METALLBILDER ALS ERG\u00c4NZUNG F\u00dcR IHR ZUHAUSE\t\t\t\t<\/span>\n\t\t\t\t\t\t<\/span>\n\t\t<\/div>\n\t\t\t\t\t\t<\/div>\n\t\t\t\t<\/div>\n\t\t\t\t\t<\/div>\n\t\t<\/div>\n\t\t\t\t\t<\/div>\n\t\t<\/section>\n\t\t\t\t<section class=\"elementor-section elementor-top-section elementor-element elementor-element-d3220ec elementor-section-boxed elementor-section-height-default elementor-section-height-default\" data-id=\"d3220ec\" data-element_type=\"section\">\n\t\t\t\t\t\t<div class=\"elementor-container elementor-column-gap-default\">\n\t\t\t\t\t<div class=\"elementor-column elementor-col-25 elementor-top-column elementor-element elementor-element-1a3f7ce\" data-id=\"1a3f7ce\" data-element_type=\"column\">\n\t\t\t<div class=\"elementor-widget-wrap elementor-element-populated\">\n\t\t\t\t\t\t<div class=\"elementor-element elementor-element-436629f elementor-widget elementor-widget-image\" data-id=\"436629f\" data-element_type=\"widget\" data-widget_type=\"image.default\">\n\t\t\t\t<div class=\"elementor-widget-container\">\n\t\t\t\t\t\t\t\t\t\t\t\t\t\t\t\t<a href=\"https:\/\/www.kunstloft.ch\/6739-metallbild-3d-warmer-regen\/\" target=\"_blank\">\n\t\t\t\t\t\t\t<img loading=\"lazy\" decoding=\"async\" width=\"600\" height=\"400\" src=\"https:\/\/www.kunstloft.ch\/magazin\/wp-content\/uploads\/2024\/09\/kl03978-heissluftballon-bunt-blau-metall-bilder-metall-wandbilder-wanddeko-wandskulptur-01.webp\" class=\"attachment-large size-large wp-image-46586\" alt=\"kl03978-heissluftballon-bunt-blau-metall-bilder-metall-wandbilder-wanddeko-wandskulptur-01\" srcset=\"https:\/\/www.kunstloft.ch\/magazin\/wp-content\/uploads\/2024\/09\/kl03978-heissluftballon-bunt-blau-metall-bilder-metall-wandbilder-wanddeko-wandskulptur-01.webp 600w, https:\/\/www.kunstloft.ch\/magazin\/wp-content\/uploads\/2024\/09\/kl03978-heissluftballon-bunt-blau-metall-bilder-metall-wandbilder-wanddeko-wandskulptur-01-300x200.webp 300w\" sizes=\"100vw\" \/>\t\t\t\t\t\t\t\t<\/a>\n\t\t\t\t\t\t\t\t\t\t\t\t\t\t\t<\/div>\n\t\t\t\t<\/div>\n\t\t\t\t<div class=\"elementor-element elementor-element-296650f elementor-widget elementor-widget-text-editor\" data-id=\"296650f\" data-element_type=\"widget\" data-widget_type=\"text-editor.default\">\n\t\t\t\t<div class=\"elementor-widget-container\">\n\t\t\t\t\t\t\t\t\t<p style=\"text-align: center;\"><a href=\"https:\/\/www.kunstloft.ch\/6739-metallbild-3d-warmer-regen\/\" target=\"_blank\" rel=\"noopener\">Metallbild 3D &#8218;Warmer Regen&#8216;<\/a><\/p>\t\t\t\t\t\t\t\t<\/div>\n\t\t\t\t<\/div>\n\t\t\t\t\t<\/div>\n\t\t<\/div>\n\t\t\t\t<div class=\"elementor-column elementor-col-25 elementor-top-column elementor-element elementor-element-731bb6e\" data-id=\"731bb6e\" data-element_type=\"column\">\n\t\t\t<div class=\"elementor-widget-wrap elementor-element-populated\">\n\t\t\t\t\t\t<div class=\"elementor-element elementor-element-021e1d3 elementor-widget elementor-widget-image\" data-id=\"021e1d3\" data-element_type=\"widget\" data-widget_type=\"image.default\">\n\t\t\t\t<div class=\"elementor-widget-container\">\n\t\t\t\t\t\t\t\t\t\t\t\t\t\t\t\t<a href=\"https:\/\/www.kunstloft.ch\/3897-metallbild-3d-strandgefluester\/\" target=\"_blank\">\n\t\t\t\t\t\t\t<img loading=\"lazy\" decoding=\"async\" width=\"600\" height=\"400\" src=\"https:\/\/www.kunstloft.ch\/magazin\/wp-content\/uploads\/2024\/09\/kl03976-boat-beach-beige-blue-metal-painting-metal-wall-painting-wall-decoration-wall-sculpture-01.webp\" class=\"attachment-large size-large wp-image-46585\" alt=\"kl03976-boat-beach-beige-blue-metal-painting-metal-wall-painting-wall-decoration-wall-sculpture-01\" srcset=\"https:\/\/www.kunstloft.ch\/magazin\/wp-content\/uploads\/2024\/09\/kl03976-boat-beach-beige-blue-metal-painting-metal-wall-painting-wall-decoration-wall-sculpture-01.webp 600w, https:\/\/www.kunstloft.ch\/magazin\/wp-content\/uploads\/2024\/09\/kl03976-boat-beach-beige-blue-metal-painting-metal-wall-painting-wall-decoration-wall-sculpture-01-300x200.webp 300w\" sizes=\"100vw\" \/>\t\t\t\t\t\t\t\t<\/a>\n\t\t\t\t\t\t\t\t\t\t\t\t\t\t\t<\/div>\n\t\t\t\t<\/div>\n\t\t\t\t<div class=\"elementor-element elementor-element-e76bffd elementor-widget elementor-widget-text-editor\" data-id=\"e76bffd\" data-element_type=\"widget\" data-widget_type=\"text-editor.default\">\n\t\t\t\t<div class=\"elementor-widget-container\">\n\t\t\t\t\t\t\t\t\t<p style=\"text-align: center;\"><a href=\"https:\/\/www.kunstloft.ch\/3897-metallbild-3d-strandgefluester\/\" target=\"_blank\" rel=\"noopener\">Metallbild 3D &#8218;Strandgefl\u00fcster&#8216;<\/a><\/p>\t\t\t\t\t\t\t\t<\/div>\n\t\t\t\t<\/div>\n\t\t\t\t\t<\/div>\n\t\t<\/div>\n\t\t\t\t<div class=\"elementor-column elementor-col-25 elementor-top-column elementor-element elementor-element-1312045\" data-id=\"1312045\" data-element_type=\"column\">\n\t\t\t<div class=\"elementor-widget-wrap elementor-element-populated\">\n\t\t\t\t\t\t<div class=\"elementor-element elementor-element-f7950a9 elementor-widget elementor-widget-image\" data-id=\"f7950a9\" data-element_type=\"widget\" data-widget_type=\"image.default\">\n\t\t\t\t<div class=\"elementor-widget-container\">\n\t\t\t\t\t\t\t\t\t\t\t\t\t\t\t\t<a href=\"https:\/\/www.kunstloft.ch\/2577-metallbild-3d-sailing-to-nowhere\/\" target=\"_blank\">\n\t\t\t\t\t\t\t<img loading=\"lazy\" decoding=\"async\" width=\"600\" height=\"400\" src=\"https:\/\/www.kunstloft.ch\/magazin\/wp-content\/uploads\/2024\/09\/kl02444-segelschiffe-boote-meer-bunt-modern-acryl-gemaelde-oel-bild-kunst-kunstloft-collage-metall-holz-01.webp\" class=\"attachment-large size-large wp-image-46584\" alt=\"kl02444-segelschiffe-boote-meer-bunt-modern-acryl-gemaelde-oel-bild-kunst-kunstloft-collage-metall-holz-01\" srcset=\"https:\/\/www.kunstloft.ch\/magazin\/wp-content\/uploads\/2024\/09\/kl02444-segelschiffe-boote-meer-bunt-modern-acryl-gemaelde-oel-bild-kunst-kunstloft-collage-metall-holz-01.webp 600w, https:\/\/www.kunstloft.ch\/magazin\/wp-content\/uploads\/2024\/09\/kl02444-segelschiffe-boote-meer-bunt-modern-acryl-gemaelde-oel-bild-kunst-kunstloft-collage-metall-holz-01-300x200.webp 300w\" sizes=\"100vw\" \/>\t\t\t\t\t\t\t\t<\/a>\n\t\t\t\t\t\t\t\t\t\t\t\t\t\t\t<\/div>\n\t\t\t\t<\/div>\n\t\t\t\t<div class=\"elementor-element elementor-element-d7299b3 elementor-widget elementor-widget-text-editor\" data-id=\"d7299b3\" data-element_type=\"widget\" data-widget_type=\"text-editor.default\">\n\t\t\t\t<div class=\"elementor-widget-container\">\n\t\t\t\t\t\t\t\t\t<p style=\"text-align: center;\"><a href=\"https:\/\/www.kunstloft.ch\/2577-metallbild-3d-sailing-to-nowhere\/\" target=\"_blank\" rel=\"noopener\">Metallbild 3D &#8218;Sailing to Nowhere&#8216;<\/a><\/p>\t\t\t\t\t\t\t\t<\/div>\n\t\t\t\t<\/div>\n\t\t\t\t\t<\/div>\n\t\t<\/div>\n\t\t\t\t<div class=\"elementor-column elementor-col-25 elementor-top-column elementor-element elementor-element-fcf06c9\" data-id=\"fcf06c9\" data-element_type=\"column\">\n\t\t\t<div class=\"elementor-widget-wrap elementor-element-populated\">\n\t\t\t\t\t\t<div class=\"elementor-element elementor-element-0add5c1 elementor-widget elementor-widget-image\" data-id=\"0add5c1\" data-element_type=\"widget\" data-widget_type=\"image.default\">\n\t\t\t\t<div class=\"elementor-widget-container\">\n\t\t\t\t\t\t\t\t\t\t\t\t\t\t\t\t<a href=\"https:\/\/www.kunstloft.ch\/3895-metallbild-3d-farbenfroher-flug\/\" target=\"_blank\">\n\t\t\t\t\t\t\t<img loading=\"lazy\" decoding=\"async\" width=\"600\" height=\"400\" src=\"https:\/\/www.kunstloft.ch\/magazin\/wp-content\/uploads\/2024\/09\/kl05609-straende-bunt-metall-bilder-metall-wandbilder-wanddeko-wandskulptur-01.webp\" class=\"attachment-large size-large wp-image-46587\" alt=\"kl05609-straende-bunt-metall-bilder-metall-wandbilder-wanddeko-wandskulptur-01\" srcset=\"https:\/\/www.kunstloft.ch\/magazin\/wp-content\/uploads\/2024\/09\/kl05609-straende-bunt-metall-bilder-metall-wandbilder-wanddeko-wandskulptur-01.webp 600w, https:\/\/www.kunstloft.ch\/magazin\/wp-content\/uploads\/2024\/09\/kl05609-straende-bunt-metall-bilder-metall-wandbilder-wanddeko-wandskulptur-01-300x200.webp 300w\" sizes=\"100vw\" \/>\t\t\t\t\t\t\t\t<\/a>\n\t\t\t\t\t\t\t\t\t\t\t\t\t\t\t<\/div>\n\t\t\t\t<\/div>\n\t\t\t\t<div class=\"elementor-element elementor-element-d5d9152 elementor-widget elementor-widget-text-editor\" data-id=\"d5d9152\" data-element_type=\"widget\" data-widget_type=\"text-editor.default\">\n\t\t\t\t<div class=\"elementor-widget-container\">\n\t\t\t\t\t\t\t\t\t<p style=\"text-align: center;\"><a href=\"https:\/\/www.kunstloft.ch\/3895-metallbild-3d-farbenfroher-flug\/\" target=\"_blank\" rel=\"noopener\">Metallbild 3D &#8218;Farbenfroher Flug&#8216;<\/a><\/p>\t\t\t\t\t\t\t\t<\/div>\n\t\t\t\t<\/div>\n\t\t\t\t\t<\/div>\n\t\t<\/div>\n\t\t\t\t\t<\/div>\n\t\t<\/section>\n\t\t\t\t<section class=\"elementor-section elementor-top-section elementor-element elementor-element-a4de44c elementor-section-boxed elementor-section-height-default elementor-section-height-default\" data-id=\"a4de44c\" data-element_type=\"section\">\n\t\t\t\t\t\t<div class=\"elementor-container elementor-column-gap-default\">\n\t\t\t\t\t<div class=\"elementor-column elementor-col-100 elementor-top-column elementor-element elementor-element-3790a7c\" data-id=\"3790a7c\" data-element_type=\"column\">\n\t\t\t<div class=\"elementor-widget-wrap elementor-element-populated\">\n\t\t\t\t\t\t<div class=\"elementor-element elementor-element-cb0672b elementor-widget elementor-widget-heading\" data-id=\"cb0672b\" data-element_type=\"widget\" id=\"3D-Wandkunst\" data-widget_type=\"heading.default\">\n\t\t\t\t<div class=\"elementor-widget-container\">\n\t\t\t\t\t<h3 class=\"elementor-heading-title elementor-size-default\">Idee 3: 3D-Wandkunst<\/h3>\t\t\t\t<\/div>\n\t\t\t\t<\/div>\n\t\t\t\t<div class=\"elementor-element elementor-element-b6d5f49 elementor-widget elementor-widget-text-editor\" data-id=\"b6d5f49\" data-element_type=\"widget\" data-widget_type=\"text-editor.default\">\n\t\t\t\t<div class=\"elementor-widget-container\">\n\t\t\t\t\t\t\t\t\t<p><a href=\"https:\/\/www.kunstloft.ch\/wandbilder-3d\/\" target=\"_blank\" rel=\"noopener\"><span style=\"font-weight: 400;\">Die 3D-Wandbilder von KunstLoft<\/span><\/a><span style=\"font-weight: 400;\"> verleihen Ihren W\u00e4nden Tiefe und Interesse und sind einzigartig und ein echter Blickfang. Sie schaffen ein Gef\u00fchl von Dimension, ohne den Raum zu \u00fcberw\u00e4ltigen, im Einklang mit minimalistischen Prinzipien. Diese Kunstwerke k\u00f6nnen f\u00fcr Gespr\u00e4chsstoff sorgen und gleichzeitig eine ruhige \u00c4sthetik bewahren.<\/span><\/p>\t\t\t\t\t\t\t\t<\/div>\n\t\t\t\t<\/div>\n\t\t\t\t\t<\/div>\n\t\t<\/div>\n\t\t\t\t\t<\/div>\n\t\t<\/section>\n\t\t\t\t<section class=\"elementor-section elementor-top-section elementor-element elementor-element-ad2dfde elementor-section-boxed elementor-section-height-default elementor-section-height-default\" data-id=\"ad2dfde\" data-element_type=\"section\">\n\t\t\t\t\t\t<div class=\"elementor-container elementor-column-gap-default\">\n\t\t\t\t\t<div class=\"elementor-column elementor-col-100 elementor-top-column elementor-element elementor-element-e2d00c2\" data-id=\"e2d00c2\" data-element_type=\"column\">\n\t\t\t<div class=\"elementor-widget-wrap elementor-element-populated\">\n\t\t\t\t\t\t<div class=\"elementor-element elementor-element-a40d80f elementor-widget elementor-widget-image\" data-id=\"a40d80f\" data-element_type=\"widget\" data-widget_type=\"image.default\">\n\t\t\t\t<div class=\"elementor-widget-container\">\n\t\t\t\t\t\t\t\t\t\t\t\t\t\t\t\t<a href=\"https:\/\/www.kunstloft.ch\/3906-holzbild-3d-vierte-dimension\/\" target=\"_blank\">\n\t\t\t\t\t\t\t<img loading=\"lazy\" decoding=\"async\" width=\"1280\" height=\"1600\" src=\"https:\/\/www.kunstloft.ch\/magazin\/wp-content\/uploads\/2024\/09\/modern-minimalistisch-zimmerecke-3d-wand-kunstwerk-KL03967.webp\" class=\"attachment-full size-full wp-image-46576\" alt=\"modern-minimalistisch-zimmerecke-3d-wand-kunstwerk-KL03967\" srcset=\"https:\/\/www.kunstloft.ch\/magazin\/wp-content\/uploads\/2024\/09\/modern-minimalistisch-zimmerecke-3d-wand-kunstwerk-KL03967.webp 1280w, https:\/\/www.kunstloft.ch\/magazin\/wp-content\/uploads\/2024\/09\/modern-minimalistisch-zimmerecke-3d-wand-kunstwerk-KL03967-240x300.webp 240w, https:\/\/www.kunstloft.ch\/magazin\/wp-content\/uploads\/2024\/09\/modern-minimalistisch-zimmerecke-3d-wand-kunstwerk-KL03967-819x1024.webp 819w, https:\/\/www.kunstloft.ch\/magazin\/wp-content\/uploads\/2024\/09\/modern-minimalistisch-zimmerecke-3d-wand-kunstwerk-KL03967-768x960.webp 768w, https:\/\/www.kunstloft.ch\/magazin\/wp-content\/uploads\/2024\/09\/modern-minimalistisch-zimmerecke-3d-wand-kunstwerk-KL03967-1229x1536.webp 1229w, https:\/\/www.kunstloft.ch\/magazin\/wp-content\/uploads\/2024\/09\/modern-minimalistisch-zimmerecke-3d-wand-kunstwerk-KL03967-640x800.webp 640w\" sizes=\"100vw\" \/>\t\t\t\t\t\t\t\t<\/a>\n\t\t\t\t\t\t\t\t\t\t\t\t\t\t\t<\/div>\n\t\t\t\t<\/div>\n\t\t\t\t<div class=\"elementor-element elementor-element-85dcab7 elementor-widget__width-auto elementor-widget elementor-widget-image\" data-id=\"85dcab7\" data-element_type=\"widget\" data-widget_type=\"image.default\">\n\t\t\t\t<div class=\"elementor-widget-container\">\n\t\t\t\t\t\t\t\t\t\t\t\t\t\t\t\t<a href=\"https:\/\/www.kunstloft.ch\/wordpress\/de_DE\/ch\/wp-content\/uploads\/2024\/09\/KL03967-abstrakt-orange-rot-holz-bilder-holz-gemaelde-relief-handgefertigt-modern-08.webp\" data-elementor-open-lightbox=\"yes\" data-elementor-lightbox-title=\"KL03967-abstrakt-orange-rot-holz-bilder-holz-gemaelde-relief-handgefertigt-modern-08\" data-e-action-hash=\"#elementor-action%3Aaction%3Dlightbox%26settings%3DeyJpZCI6NDY1ODksInVybCI6Imh0dHBzOlwvXC93d3cua3Vuc3Rsb2Z0LmNoXC9tYWdhemluXC93cC1jb250ZW50XC91cGxvYWRzXC8yMDI0XC8wOVwvS0wwMzk2Ny1hYnN0cmFrdC1vcmFuZ2Utcm90LWhvbHotYmlsZGVyLWhvbHotZ2VtYWVsZGUtcmVsaWVmLWhhbmRnZWZlcnRpZ3QtbW9kZXJuLTA4LndlYnAifQ%3D%3D\">\n\t\t\t\t\t\t\t<img loading=\"lazy\" decoding=\"async\" width=\"600\" height=\"400\" src=\"https:\/\/www.kunstloft.ch\/magazin\/wp-content\/uploads\/2024\/09\/KL03967-abstrakt-orange-rot-holz-bilder-holz-gemaelde-relief-handgefertigt-modern-08.webp\" class=\"attachment-medium_large size-medium_large wp-image-46589\" alt=\"\" srcset=\"https:\/\/www.kunstloft.ch\/magazin\/wp-content\/uploads\/2024\/09\/KL03967-abstrakt-orange-rot-holz-bilder-holz-gemaelde-relief-handgefertigt-modern-08.webp 600w, https:\/\/www.kunstloft.ch\/magazin\/wp-content\/uploads\/2024\/09\/KL03967-abstrakt-orange-rot-holz-bilder-holz-gemaelde-relief-handgefertigt-modern-08-300x200.webp 300w\" sizes=\"100vw\" \/>\t\t\t\t\t\t\t\t<\/a>\n\t\t\t\t\t\t\t\t\t\t\t\t\t\t\t<\/div>\n\t\t\t\t<\/div>\n\t\t\t\t<div class=\"elementor-element elementor-element-f9e29c2 elementor-widget__width-auto elementor-widget elementor-widget-image\" data-id=\"f9e29c2\" data-element_type=\"widget\" data-widget_type=\"image.default\">\n\t\t\t\t<div class=\"elementor-widget-container\">\n\t\t\t\t\t\t\t\t\t\t\t\t\t\t\t\t<a href=\"https:\/\/www.kunstloft.ch\/wordpress\/de_DE\/ch\/wp-content\/uploads\/2024\/09\/KL03967-abstrakt-orange-rot-holz-bilder-holz-gemaelde-relief-handgefertigt-modern-09.webp\" data-elementor-open-lightbox=\"yes\" data-elementor-lightbox-title=\"KL03967-abstrakt-orange-rot-holz-bilder-holz-gemaelde-relief-handgefertigt-modern-09\" data-e-action-hash=\"#elementor-action%3Aaction%3Dlightbox%26settings%3DeyJpZCI6NDY1OTAsInVybCI6Imh0dHBzOlwvXC93d3cua3Vuc3Rsb2Z0LmNoXC9tYWdhemluXC93cC1jb250ZW50XC91cGxvYWRzXC8yMDI0XC8wOVwvS0wwMzk2Ny1hYnN0cmFrdC1vcmFuZ2Utcm90LWhvbHotYmlsZGVyLWhvbHotZ2VtYWVsZGUtcmVsaWVmLWhhbmRnZWZlcnRpZ3QtbW9kZXJuLTA5LndlYnAifQ%3D%3D\">\n\t\t\t\t\t\t\t<img loading=\"lazy\" decoding=\"async\" width=\"600\" height=\"400\" src=\"https:\/\/www.kunstloft.ch\/magazin\/wp-content\/uploads\/2024\/09\/KL03967-abstrakt-orange-rot-holz-bilder-holz-gemaelde-relief-handgefertigt-modern-09.webp\" class=\"attachment-medium_large size-medium_large wp-image-46590\" alt=\"\" srcset=\"https:\/\/www.kunstloft.ch\/magazin\/wp-content\/uploads\/2024\/09\/KL03967-abstrakt-orange-rot-holz-bilder-holz-gemaelde-relief-handgefertigt-modern-09.webp 600w, https:\/\/www.kunstloft.ch\/magazin\/wp-content\/uploads\/2024\/09\/KL03967-abstrakt-orange-rot-holz-bilder-holz-gemaelde-relief-handgefertigt-modern-09-300x200.webp 300w\" sizes=\"100vw\" \/>\t\t\t\t\t\t\t\t<\/a>\n\t\t\t\t\t\t\t\t\t\t\t\t\t\t\t<\/div>\n\t\t\t\t<\/div>\n\t\t\t\t\t<\/div>\n\t\t<\/div>\n\t\t\t\t\t<\/div>\n\t\t<\/section>\n\t\t\t\t<section class=\"elementor-section elementor-top-section elementor-element elementor-element-38aaaec elementor-section-boxed elementor-section-height-default elementor-section-height-default\" data-id=\"38aaaec\" data-element_type=\"section\">\n\t\t\t\t\t\t<div class=\"elementor-container elementor-column-gap-default\">\n\t\t\t\t\t<div class=\"elementor-column elementor-col-100 elementor-top-column elementor-element elementor-element-75cfab3\" data-id=\"75cfab3\" data-element_type=\"column\">\n\t\t\t<div class=\"elementor-widget-wrap elementor-element-populated\">\n\t\t\t\t\t\t<div class=\"elementor-element elementor-element-260faa0 elementor-widget elementor-widget-text-editor\" data-id=\"260faa0\" data-element_type=\"widget\" data-widget_type=\"text-editor.default\">\n\t\t\t\t<div class=\"elementor-widget-container\">\n\t\t\t\t\t\t\t\t\t<p style=\"text-align: center;\"><a href=\"https:\/\/www.kunstloft.ch\/3906-holzbild-3d-vierte-dimension\/\" target=\"_blank\" rel=\"noopener\">3D Wandbild &#8218;Vierte Dimension&#8216; 80x120x8,5cm<\/a><\/p>\t\t\t\t\t\t\t\t<\/div>\n\t\t\t\t<\/div>\n\t\t\t\t\t<\/div>\n\t\t<\/div>\n\t\t\t\t\t<\/div>\n\t\t<\/section>\n\t\t\t\t<section class=\"elementor-section elementor-top-section elementor-element elementor-element-3b1d6b4 elementor-section-boxed elementor-section-height-default elementor-section-height-default\" data-id=\"3b1d6b4\" data-element_type=\"section\">\n\t\t\t\t\t\t<div class=\"elementor-container elementor-column-gap-default\">\n\t\t\t\t\t<div class=\"elementor-column elementor-col-100 elementor-top-column elementor-element elementor-element-7ce88e2\" data-id=\"7ce88e2\" data-element_type=\"column\">\n\t\t\t<div class=\"elementor-widget-wrap elementor-element-populated\">\n\t\t\t\t\t\t<div class=\"elementor-element elementor-element-807ce38 elementor-widget elementor-widget-heading\" data-id=\"807ce38\" data-element_type=\"widget\" id=\"GerahmteMarmorkunstwerke\" data-widget_type=\"heading.default\">\n\t\t\t\t<div class=\"elementor-widget-container\">\n\t\t\t\t\t<h3 class=\"elementor-heading-title elementor-size-default\">Idee 4: Gerahmte Marmorkunstwerke<\/h3>\t\t\t\t<\/div>\n\t\t\t\t<\/div>\n\t\t\t\t<div class=\"elementor-element elementor-element-b0c0a89 elementor-widget elementor-widget-text-editor\" data-id=\"b0c0a89\" data-element_type=\"widget\" data-widget_type=\"text-editor.default\">\n\t\t\t\t<div class=\"elementor-widget-container\">\n\t\t\t\t\t\t\t\t\t<p><span style=\"font-weight: 400;\">F\u00fcr einen Hauch von Eleganz empfehlen wir <\/span><a href=\"https:\/\/www.kunstloft.ch\/steinbild\/\" target=\"_blank\" rel=\"noopener\"><span style=\"font-weight: 400;\">gerahmte Marmorkunstwerke von KunstLoft<\/span><\/a><span style=\"font-weight: 400;\">. Diese St\u00fccke kombinieren nat\u00fcrliche Elemente mit minimalistischem Design und verleihen Ihrer Einrichtung Raffinesse. Der glatte, k\u00fchle Look von Marmor ist perfekt f\u00fcr den Sommer und vermittelt ein Gef\u00fchl von Ruhe und Eleganz.<\/span><\/p>\t\t\t\t\t\t\t\t<\/div>\n\t\t\t\t<\/div>\n\t\t\t\t<div class=\"elementor-element elementor-element-c1011cc elementor-widget elementor-widget-image\" data-id=\"c1011cc\" data-element_type=\"widget\" data-widget_type=\"image.default\">\n\t\t\t\t<div class=\"elementor-widget-container\">\n\t\t\t\t\t\t\t\t\t\t\t\t\t\t\t\t<a href=\"https:\/\/www.kunstloft.ch\/23636-steinbild-essential-line-electra\/\" target=\"_blank\">\n\t\t\t\t\t\t\t<img loading=\"lazy\" decoding=\"async\" width=\"950\" height=\"950\" src=\"https:\/\/www.kunstloft.ch\/magazin\/wp-content\/uploads\/2024\/09\/Steinbild-Essential-Line-Electra-kl46455.webp\" class=\"attachment-large size-large wp-image-46591\" alt=\"Steinbild-Essential-Line-Electra-kl46455\" srcset=\"https:\/\/www.kunstloft.ch\/magazin\/wp-content\/uploads\/2024\/09\/Steinbild-Essential-Line-Electra-kl46455.webp 1000w, https:\/\/www.kunstloft.ch\/magazin\/wp-content\/uploads\/2024\/09\/Steinbild-Essential-Line-Electra-kl46455-300x300.webp 300w, https:\/\/www.kunstloft.ch\/magazin\/wp-content\/uploads\/2024\/09\/Steinbild-Essential-Line-Electra-kl46455-150x150.webp 150w, https:\/\/www.kunstloft.ch\/magazin\/wp-content\/uploads\/2024\/09\/Steinbild-Essential-Line-Electra-kl46455-768x768.webp 768w, https:\/\/www.kunstloft.ch\/magazin\/wp-content\/uploads\/2024\/09\/Steinbild-Essential-Line-Electra-kl46455-640x640.webp 640w\" sizes=\"100vw\" \/>\t\t\t\t\t\t\t\t<\/a>\n\t\t\t\t\t\t\t\t\t\t\t\t\t\t\t<\/div>\n\t\t\t\t<\/div>\n\t\t\t\t<div class=\"elementor-element elementor-element-51fa08b elementor-widget elementor-widget-text-editor\" data-id=\"51fa08b\" data-element_type=\"widget\" data-widget_type=\"text-editor.default\">\n\t\t\t\t<div class=\"elementor-widget-container\">\n\t\t\t\t\t\t\t\t\t<p style=\"text-align: center;\"><a href=\"https:\/\/www.kunstloft.ch\/23636-steinbild-essential-line-electra\/\" target=\"_blank\" rel=\"noopener\">Steinbild &#8218;Essential Line Electra&#8216;<\/a><\/p>\t\t\t\t\t\t\t\t<\/div>\n\t\t\t\t<\/div>\n\t\t\t\t\t<\/div>\n\t\t<\/div>\n\t\t\t\t\t<\/div>\n\t\t<\/section>\n\t\t\t\t<section class=\"elementor-section elementor-top-section elementor-element elementor-element-71a110e elementor-section-boxed elementor-section-height-default elementor-section-height-default\" data-id=\"71a110e\" data-element_type=\"section\">\n\t\t\t\t\t\t<div class=\"elementor-container elementor-column-gap-default\">\n\t\t\t\t\t<div class=\"elementor-column elementor-col-100 elementor-top-column elementor-element elementor-element-ce782cd\" data-id=\"ce782cd\" data-element_type=\"column\">\n\t\t\t<div class=\"elementor-widget-wrap elementor-element-populated\">\n\t\t\t\t\t\t<div class=\"elementor-element elementor-element-f7f2cc9 elementor-widget-divider--view-line_text elementor-widget-divider--element-align-center elementor-widget elementor-widget-divider\" data-id=\"f7f2cc9\" data-element_type=\"widget\" data-widget_type=\"divider.default\">\n\t\t\t\t<div class=\"elementor-widget-container\">\n\t\t\t\t\t\t\t<div class=\"elementor-divider\">\n\t\t\t<span class=\"elementor-divider-separator\">\n\t\t\t\t\t\t\t<span class=\"elementor-divider__text elementor-divider__element\">\n\t\t\t\tMINIMALISTISCHE GERAHMTE MARMORKUNSTWERKE ZUR ERG\u00c4NZUNG IHRER WOHNUNG\t\t\t\t<\/span>\n\t\t\t\t\t\t<\/span>\n\t\t<\/div>\n\t\t\t\t\t\t<\/div>\n\t\t\t\t<\/div>\n\t\t\t\t\t<\/div>\n\t\t<\/div>\n\t\t\t\t\t<\/div>\n\t\t<\/section>\n\t\t\t\t<section class=\"elementor-section elementor-top-section elementor-element elementor-element-de8b273 elementor-section-boxed elementor-section-height-default elementor-section-height-default\" data-id=\"de8b273\" data-element_type=\"section\">\n\t\t\t\t\t\t<div class=\"elementor-container elementor-column-gap-default\">\n\t\t\t\t\t<div class=\"elementor-column elementor-col-33 elementor-top-column elementor-element elementor-element-4e99aa9\" data-id=\"4e99aa9\" data-element_type=\"column\">\n\t\t\t<div class=\"elementor-widget-wrap elementor-element-populated\">\n\t\t\t\t\t\t<div class=\"elementor-element elementor-element-14be832 elementor-widget elementor-widget-image\" data-id=\"14be832\" data-element_type=\"widget\" data-widget_type=\"image.default\">\n\t\t\t\t<div class=\"elementor-widget-container\">\n\t\t\t\t\t\t\t\t\t\t\t\t\t\t\t\t<a href=\"https:\/\/www.kunstloft.ch\/23634-steinbild-essential-line-cosmic\/\" target=\"_blank\">\n\t\t\t\t\t\t\t<img loading=\"lazy\" decoding=\"async\" width=\"600\" height=\"600\" src=\"https:\/\/www.kunstloft.ch\/magazin\/wp-content\/uploads\/2024\/09\/kl46441-essential-line-cosmic-01.webp\" class=\"attachment-large size-large wp-image-46592\" alt=\"kl46441-essential-line-cosmic-01\" srcset=\"https:\/\/www.kunstloft.ch\/magazin\/wp-content\/uploads\/2024\/09\/kl46441-essential-line-cosmic-01.webp 600w, https:\/\/www.kunstloft.ch\/magazin\/wp-content\/uploads\/2024\/09\/kl46441-essential-line-cosmic-01-300x300.webp 300w, https:\/\/www.kunstloft.ch\/magazin\/wp-content\/uploads\/2024\/09\/kl46441-essential-line-cosmic-01-150x150.webp 150w\" sizes=\"100vw\" \/>\t\t\t\t\t\t\t\t<\/a>\n\t\t\t\t\t\t\t\t\t\t\t\t\t\t\t<\/div>\n\t\t\t\t<\/div>\n\t\t\t\t<div class=\"elementor-element elementor-element-8c8b202 elementor-widget elementor-widget-text-editor\" data-id=\"8c8b202\" data-element_type=\"widget\" data-widget_type=\"text-editor.default\">\n\t\t\t\t<div class=\"elementor-widget-container\">\n\t\t\t\t\t\t\t\t\t<p style=\"text-align: center;\"><a href=\"https:\/\/www.kunstloft.ch\/23634-steinbild-essential-line-cosmic\/\" target=\"_blank\" rel=\"noopener\">Steinbild &#8218;Essential Line Cosmic&#8216;<\/a><\/p>\t\t\t\t\t\t\t\t<\/div>\n\t\t\t\t<\/div>\n\t\t\t\t\t<\/div>\n\t\t<\/div>\n\t\t\t\t<div class=\"elementor-column elementor-col-33 elementor-top-column elementor-element elementor-element-939b908\" data-id=\"939b908\" data-element_type=\"column\">\n\t\t\t<div class=\"elementor-widget-wrap elementor-element-populated\">\n\t\t\t\t\t\t<div class=\"elementor-element elementor-element-85dbfee elementor-widget elementor-widget-image\" data-id=\"85dbfee\" data-element_type=\"widget\" data-widget_type=\"image.default\">\n\t\t\t\t<div class=\"elementor-widget-container\">\n\t\t\t\t\t\t\t\t\t\t\t\t\t\t\t\t<a href=\"https:\/\/www.kunstloft.ch\/23635-steinbild-essential-line-drosera\/\" target=\"_blank\">\n\t\t\t\t\t\t\t<img loading=\"lazy\" decoding=\"async\" width=\"600\" height=\"600\" src=\"https:\/\/www.kunstloft.ch\/magazin\/wp-content\/uploads\/2024\/09\/kl46448-essential-line-drosera-01.webp\" class=\"attachment-large size-large wp-image-46593\" alt=\"kl46448-essential-line-drosera-01\" srcset=\"https:\/\/www.kunstloft.ch\/magazin\/wp-content\/uploads\/2024\/09\/kl46448-essential-line-drosera-01.webp 600w, https:\/\/www.kunstloft.ch\/magazin\/wp-content\/uploads\/2024\/09\/kl46448-essential-line-drosera-01-300x300.webp 300w, https:\/\/www.kunstloft.ch\/magazin\/wp-content\/uploads\/2024\/09\/kl46448-essential-line-drosera-01-150x150.webp 150w\" sizes=\"100vw\" \/>\t\t\t\t\t\t\t\t<\/a>\n\t\t\t\t\t\t\t\t\t\t\t\t\t\t\t<\/div>\n\t\t\t\t<\/div>\n\t\t\t\t<div class=\"elementor-element elementor-element-64f46d5 elementor-widget elementor-widget-text-editor\" data-id=\"64f46d5\" data-element_type=\"widget\" data-widget_type=\"text-editor.default\">\n\t\t\t\t<div class=\"elementor-widget-container\">\n\t\t\t\t\t\t\t\t\t<p style=\"text-align: center;\"><a href=\"https:\/\/www.kunstloft.ch\/23635-steinbild-essential-line-drosera\/\" target=\"_blank\" rel=\"noopener\">Steinbild &#8218;Essential Line Drosera&#8216;<\/a><\/p>\t\t\t\t\t\t\t\t<\/div>\n\t\t\t\t<\/div>\n\t\t\t\t\t<\/div>\n\t\t<\/div>\n\t\t\t\t<div class=\"elementor-column elementor-col-33 elementor-top-column elementor-element elementor-element-9c7c006\" data-id=\"9c7c006\" data-element_type=\"column\">\n\t\t\t<div class=\"elementor-widget-wrap elementor-element-populated\">\n\t\t\t\t\t\t<div class=\"elementor-element elementor-element-3131562 elementor-widget elementor-widget-image\" data-id=\"3131562\" data-element_type=\"widget\" data-widget_type=\"image.default\">\n\t\t\t\t<div class=\"elementor-widget-container\">\n\t\t\t\t\t\t\t\t\t\t\t\t\t\t\t\t<a href=\"https:\/\/www.kunstloft.ch\/23640-steinbild-essential-line-orion\/\" target=\"_blank\">\n\t\t\t\t\t\t\t<img loading=\"lazy\" decoding=\"async\" width=\"600\" height=\"600\" src=\"https:\/\/www.kunstloft.ch\/magazin\/wp-content\/uploads\/2024\/09\/kl46483-essential-line-orion-01.webp\" class=\"attachment-large size-large wp-image-46594\" alt=\"kl46483-essential-line-orion-01\" srcset=\"https:\/\/www.kunstloft.ch\/magazin\/wp-content\/uploads\/2024\/09\/kl46483-essential-line-orion-01.webp 600w, https:\/\/www.kunstloft.ch\/magazin\/wp-content\/uploads\/2024\/09\/kl46483-essential-line-orion-01-300x300.webp 300w, https:\/\/www.kunstloft.ch\/magazin\/wp-content\/uploads\/2024\/09\/kl46483-essential-line-orion-01-150x150.webp 150w\" sizes=\"100vw\" \/>\t\t\t\t\t\t\t\t<\/a>\n\t\t\t\t\t\t\t\t\t\t\t\t\t\t\t<\/div>\n\t\t\t\t<\/div>\n\t\t\t\t<div class=\"elementor-element elementor-element-f4e4aa7 elementor-widget elementor-widget-text-editor\" data-id=\"f4e4aa7\" data-element_type=\"widget\" data-widget_type=\"text-editor.default\">\n\t\t\t\t<div class=\"elementor-widget-container\">\n\t\t\t\t\t\t\t\t\t<p style=\"text-align: center;\"><a href=\"https:\/\/www.kunstloft.ch\/23640-steinbild-essential-line-orion\/\" target=\"_blank\" rel=\"noopener\">Steinbild &#8218;Essential Line Orion&#8216;<\/a><\/p>\t\t\t\t\t\t\t\t<\/div>\n\t\t\t\t<\/div>\n\t\t\t\t\t<\/div>\n\t\t<\/div>\n\t\t\t\t\t<\/div>\n\t\t<\/section>\n\t\t\t\t<section class=\"elementor-section elementor-top-section elementor-element elementor-element-bcc9818 elementor-section-boxed elementor-section-height-default elementor-section-height-default\" data-id=\"bcc9818\" data-element_type=\"section\">\n\t\t\t\t\t\t<div class=\"elementor-container elementor-column-gap-default\">\n\t\t\t\t\t<div class=\"elementor-column elementor-col-100 elementor-top-column elementor-element elementor-element-e9a11e5\" data-id=\"e9a11e5\" data-element_type=\"column\">\n\t\t\t<div class=\"elementor-widget-wrap elementor-element-populated\">\n\t\t\t\t\t\t<div class=\"elementor-element elementor-element-e1bd3f6 elementor-widget elementor-widget-heading\" data-id=\"e1bd3f6\" data-element_type=\"widget\" id=\"KunstdruckeundPoster\" data-widget_type=\"heading.default\">\n\t\t\t\t<div class=\"elementor-widget-container\">\n\t\t\t\t\t<h3 class=\"elementor-heading-title elementor-size-default\">Idee 5: Kunstdrucke und Poster<\/h3>\t\t\t\t<\/div>\n\t\t\t\t<\/div>\n\t\t\t\t<div class=\"elementor-element elementor-element-621738d elementor-widget elementor-widget-text-editor\" data-id=\"621738d\" data-element_type=\"widget\" data-widget_type=\"text-editor.default\">\n\t\t\t\t<div class=\"elementor-widget-container\">\n\t\t\t\t\t\t\t\t\t<p><a href=\"https:\/\/www.kunstloft.ch\/kunstdrucke\/\" target=\"_blank\" rel=\"noopener\"><span style=\"font-weight: 400;\">Kunstdrucke<\/span><\/a><span style=\"font-weight: 400;\"> und <\/span><a href=\"https:\/\/www.kunstloft.ch\/poster\/\" target=\"_blank\" rel=\"noopener\"><span style=\"font-weight: 400;\">Poster<\/span><\/a><span style=\"font-weight: 400;\"> sind eine vielseitige und erschwingliche M\u00f6glichkeit, Ihren Raum zu versch\u00f6nern. KunstLoft bietet eine gro\u00dfe Auswahl an minimalistischen Drucken, die im Laufe der Jahreszeiten leicht ausgetauscht werden k\u00f6nnen. Suchen Sie nach Drucken mit <\/span><a href=\"https:\/\/www.kunstloft.ch\/sommer\/\" target=\"_blank\" rel=\"noopener\"><span style=\"font-weight: 400;\">Sommermotiven<\/span><\/a><span style=\"font-weight: 400;\"> wie abstrakte Sonnenaufg\u00e4nge, Strandszenen oder botanische Illustrationen.<\/span><\/p>\t\t\t\t\t\t\t\t<\/div>\n\t\t\t\t<\/div>\n\t\t\t\t\t<\/div>\n\t\t<\/div>\n\t\t\t\t\t<\/div>\n\t\t<\/section>\n\t\t\t\t<section class=\"elementor-section elementor-top-section elementor-element elementor-element-5bdb75f elementor-section-boxed elementor-section-height-default elementor-section-height-default\" data-id=\"5bdb75f\" data-element_type=\"section\">\n\t\t\t\t\t\t<div class=\"elementor-container elementor-column-gap-default\">\n\t\t\t\t\t<div class=\"elementor-column elementor-col-50 elementor-top-column elementor-element elementor-element-25b2969\" data-id=\"25b2969\" data-element_type=\"column\">\n\t\t\t<div class=\"elementor-widget-wrap elementor-element-populated\">\n\t\t\t\t\t\t<div class=\"elementor-element elementor-element-680ccb9 elementor-widget elementor-widget-image\" data-id=\"680ccb9\" data-element_type=\"widget\" data-widget_type=\"image.default\">\n\t\t\t\t<div class=\"elementor-widget-container\">\n\t\t\t\t\t\t\t\t\t\t\t\t\t\t\t\t<a href=\"https:\/\/www.kunstloft.ch\/22171-poster-surf\/\" target=\"_blank\">\n\t\t\t\t\t\t\t<img loading=\"lazy\" decoding=\"async\" width=\"600\" height=\"450\" src=\"https:\/\/www.kunstloft.ch\/magazin\/wp-content\/uploads\/2024\/09\/kl40929-meer-blau-weiss-poster-wandposter-poster-bilder-kunst-poster-rahmen-modern-02.webp\" class=\"attachment-large size-large wp-image-46597\" alt=\"kl40929-meer-blau-weiss-poster-wandposter-poster-bilder-kunst-poster-rahmen-modern-02\" srcset=\"https:\/\/www.kunstloft.ch\/magazin\/wp-content\/uploads\/2024\/09\/kl40929-meer-blau-weiss-poster-wandposter-poster-bilder-kunst-poster-rahmen-modern-02.webp 600w, https:\/\/www.kunstloft.ch\/magazin\/wp-content\/uploads\/2024\/09\/kl40929-meer-blau-weiss-poster-wandposter-poster-bilder-kunst-poster-rahmen-modern-02-300x225.webp 300w\" sizes=\"100vw\" \/>\t\t\t\t\t\t\t\t<\/a>\n\t\t\t\t\t\t\t\t\t\t\t\t\t\t\t<\/div>\n\t\t\t\t<\/div>\n\t\t\t\t<div class=\"elementor-element elementor-element-082675a elementor-widget elementor-widget-text-editor\" data-id=\"082675a\" data-element_type=\"widget\" data-widget_type=\"text-editor.default\">\n\t\t\t\t<div class=\"elementor-widget-container\">\n\t\t\t\t\t\t\t\t\t<p style=\"text-align: center;\"><a href=\"https:\/\/www.kunstloft.ch\/22171-poster-surf\/\" target=\"_blank\" rel=\"noopener\">Poster &#8218;Surf&#8216;<\/a><\/p>\t\t\t\t\t\t\t\t<\/div>\n\t\t\t\t<\/div>\n\t\t\t\t\t<\/div>\n\t\t<\/div>\n\t\t\t\t<div class=\"elementor-column elementor-col-50 elementor-top-column elementor-element elementor-element-ea9e225\" data-id=\"ea9e225\" data-element_type=\"column\">\n\t\t\t<div class=\"elementor-widget-wrap elementor-element-populated\">\n\t\t\t\t\t\t<div class=\"elementor-element elementor-element-576d380 elementor-widget elementor-widget-image\" data-id=\"576d380\" data-element_type=\"widget\" data-widget_type=\"image.default\">\n\t\t\t\t<div class=\"elementor-widget-container\">\n\t\t\t\t\t\t\t\t\t\t\t\t\t\t\t\t<a href=\"https:\/\/www.kunstloft.ch\/20843-poster-power-of-the-ocean\/\" target=\"_blank\">\n\t\t\t\t\t\t\t<img loading=\"lazy\" decoding=\"async\" width=\"600\" height=\"450\" src=\"https:\/\/www.kunstloft.ch\/magazin\/wp-content\/uploads\/2024\/09\/kl25696-meer-gruen-weiss-poster-wandposter-poster-bilder-kunst-poster-rahmen-modern-02-1.webp\" class=\"attachment-large size-large wp-image-46596\" alt=\"kl25696-meer-gruen-weiss-poster-wandposter-poster-bilder-kunst-poster-rahmen-modern-02\" srcset=\"https:\/\/www.kunstloft.ch\/magazin\/wp-content\/uploads\/2024\/09\/kl25696-meer-gruen-weiss-poster-wandposter-poster-bilder-kunst-poster-rahmen-modern-02-1.webp 600w, https:\/\/www.kunstloft.ch\/magazin\/wp-content\/uploads\/2024\/09\/kl25696-meer-gruen-weiss-poster-wandposter-poster-bilder-kunst-poster-rahmen-modern-02-1-300x225.webp 300w\" sizes=\"100vw\" \/>\t\t\t\t\t\t\t\t<\/a>\n\t\t\t\t\t\t\t\t\t\t\t\t\t\t\t<\/div>\n\t\t\t\t<\/div>\n\t\t\t\t<div class=\"elementor-element elementor-element-05aa7c5 elementor-widget elementor-widget-text-editor\" data-id=\"05aa7c5\" data-element_type=\"widget\" data-widget_type=\"text-editor.default\">\n\t\t\t\t<div class=\"elementor-widget-container\">\n\t\t\t\t\t\t\t\t\t<p style=\"text-align: center;\"><a href=\"https:\/\/www.kunstloft.ch\/20843-poster-power-of-the-ocean\/\" target=\"_blank\" rel=\"noopener\">Poster &#8218;Power of the Ocean&#8216;<\/a><\/p>\t\t\t\t\t\t\t\t<\/div>\n\t\t\t\t<\/div>\n\t\t\t\t\t<\/div>\n\t\t<\/div>\n\t\t\t\t\t<\/div>\n\t\t<\/section>\n\t\t\t\t<section class=\"elementor-section elementor-top-section elementor-element elementor-element-8e944cf elementor-section-boxed elementor-section-height-default elementor-section-height-default\" data-id=\"8e944cf\" data-element_type=\"section\">\n\t\t\t\t\t\t<div class=\"elementor-container elementor-column-gap-default\">\n\t\t\t\t\t<div class=\"elementor-column elementor-col-100 elementor-top-column elementor-element elementor-element-51ba10e\" data-id=\"51ba10e\" data-element_type=\"column\">\n\t\t\t<div class=\"elementor-widget-wrap elementor-element-populated\">\n\t\t\t\t\t\t<div class=\"elementor-element elementor-element-6e5dff6 elementor-widget elementor-widget-heading\" data-id=\"6e5dff6\" data-element_type=\"widget\" id=\"perfektenFarbpalette\" data-widget_type=\"heading.default\">\n\t\t\t\t<div class=\"elementor-widget-container\">\n\t\t\t\t\t<h2 class=\"elementor-heading-title elementor-size-default\">Auswahl der perfekten Farbpalette<\/h2>\t\t\t\t<\/div>\n\t\t\t\t<\/div>\n\t\t\t\t<div class=\"elementor-element elementor-element-7d85b88 elementor-widget elementor-widget-text-editor\" data-id=\"7d85b88\" data-element_type=\"widget\" data-widget_type=\"text-editor.default\">\n\t\t\t\t<div class=\"elementor-widget-container\">\n\t\t\t\t\t\t\t\t\t<p><span style=\"font-weight: 400;\">Farbe spielt in minimalistischen Innenr\u00e4umen eine entscheidende Rolle. F\u00fcr einen sommerlichen Look sollten Sie sich f\u00fcr helle und frische Farben entscheiden. KunstLoft empfiehlt eine Palette aus Wei\u00df, Beige und sanften Pastellt\u00f6nen, um eine ruhige und beruhigende Atmosph\u00e4re zu schaffen. Mit Accessoires wie Kissen oder \u00dcberw\u00fcrfen in leuchtenden Farbt\u00f6nen k\u00f6nnen Sie einen Farbakzent setzen.<\/span><\/p>\t\t\t\t\t\t\t\t<\/div>\n\t\t\t\t<\/div>\n\t\t\t\t\t<\/div>\n\t\t<\/div>\n\t\t\t\t\t<\/div>\n\t\t<\/section>\n\t\t\t\t<section class=\"elementor-section elementor-top-section elementor-element elementor-element-5eb748a elementor-section-boxed elementor-section-height-default elementor-section-height-default\" data-id=\"5eb748a\" data-element_type=\"section\">\n\t\t\t\t\t\t<div class=\"elementor-container elementor-column-gap-default\">\n\t\t\t\t\t<div class=\"elementor-column elementor-col-100 elementor-top-column elementor-element elementor-element-62a60f4\" data-id=\"62a60f4\" data-element_type=\"column\">\n\t\t\t<div class=\"elementor-widget-wrap elementor-element-populated\">\n\t\t\t\t\t\t<div class=\"elementor-element elementor-element-5e2f08c elementor-widget elementor-widget-heading\" data-id=\"5e2f08c\" data-element_type=\"widget\" id=\"nat\u00fcrlichenLichts\" data-widget_type=\"heading.default\">\n\t\t\t\t<div class=\"elementor-widget-container\">\n\t\t\t\t\t<h2 class=\"elementor-heading-title elementor-size-default\">Maximierung des nat\u00fcrlichen Lichts<\/h2>\t\t\t\t<\/div>\n\t\t\t\t<\/div>\n\t\t\t\t<div class=\"elementor-element elementor-element-e5d2e9b elementor-widget elementor-widget-text-editor\" data-id=\"e5d2e9b\" data-element_type=\"widget\" data-widget_type=\"text-editor.default\">\n\t\t\t\t<div class=\"elementor-widget-container\">\n\t\t\t\t\t\t\t\t\t<p><span style=\"font-weight: 400;\">Die Maximierung des nat\u00fcrlichen Lichts kann Ihren Raum offener und einladender wirken lassen. W\u00e4hlen Sie transparente Vorh\u00e4nge, die das Licht durchlassen, und halten Sie Ihre Fenster sauber, um so viel Sonnenlicht wie m\u00f6glich hereinzulassen. Auch <\/span><a href=\"https:\/\/www.kunstloft.ch\/wandspiegel\/\" target=\"_blank\" rel=\"noopener\"><span style=\"font-weight: 400;\">Spiegel<\/span><\/a><span style=\"font-weight: 400;\"> k\u00f6nnen das Licht reflektieren und den Raum gr\u00f6\u00dfer wirken lassen.<\/span><\/p>\t\t\t\t\t\t\t\t<\/div>\n\t\t\t\t<\/div>\n\t\t\t\t<div class=\"elementor-element elementor-element-77d9df9 elementor-widget elementor-widget-image\" data-id=\"77d9df9\" data-element_type=\"widget\" data-widget_type=\"image.default\">\n\t\t\t\t<div class=\"elementor-widget-container\">\n\t\t\t\t\t\t\t\t\t\t\t\t\t\t\t<img loading=\"lazy\" decoding=\"async\" width=\"950\" height=\"633\" src=\"https:\/\/www.kunstloft.ch\/magazin\/wp-content\/uploads\/2024\/09\/Maximierung-von-natuerlichem-Licht-mit-Spiegeln-1024x682.webp\" class=\"attachment-large size-large wp-image-46601\" alt=\"Maximierung-von-nat\u00fcrlichem-Licht-mit-Spiegeln\" srcset=\"https:\/\/www.kunstloft.ch\/magazin\/wp-content\/uploads\/2024\/09\/Maximierung-von-natuerlichem-Licht-mit-Spiegeln-1024x682.webp 1024w, https:\/\/www.kunstloft.ch\/magazin\/wp-content\/uploads\/2024\/09\/Maximierung-von-natuerlichem-Licht-mit-Spiegeln-300x200.webp 300w, https:\/\/www.kunstloft.ch\/magazin\/wp-content\/uploads\/2024\/09\/Maximierung-von-natuerlichem-Licht-mit-Spiegeln-768x512.webp 768w, https:\/\/www.kunstloft.ch\/magazin\/wp-content\/uploads\/2024\/09\/Maximierung-von-natuerlichem-Licht-mit-Spiegeln-640x427.webp 640w, https:\/\/www.kunstloft.ch\/magazin\/wp-content\/uploads\/2024\/09\/Maximierung-von-natuerlichem-Licht-mit-Spiegeln.webp 1280w\" sizes=\"100vw\" \/>\t\t\t\t\t\t\t\t\t\t\t\t\t\t\t<\/div>\n\t\t\t\t<\/div>\n\t\t\t\t\t<\/div>\n\t\t<\/div>\n\t\t\t\t\t<\/div>\n\t\t<\/section>\n\t\t\t\t<section class=\"elementor-section elementor-top-section elementor-element elementor-element-f5db972 elementor-section-boxed elementor-section-height-default elementor-section-height-default\" data-id=\"f5db972\" data-element_type=\"section\">\n\t\t\t\t\t\t<div class=\"elementor-container elementor-column-gap-default\">\n\t\t\t\t\t<div class=\"elementor-column elementor-col-100 elementor-top-column elementor-element elementor-element-84e9c92\" data-id=\"84e9c92\" data-element_type=\"column\">\n\t\t\t<div class=\"elementor-widget-wrap elementor-element-populated\">\n\t\t\t\t\t\t<div class=\"elementor-element elementor-element-5bd9165 elementor-widget elementor-widget-heading\" data-id=\"5bd9165\" data-element_type=\"widget\" id=\"Nat\u00fcrlicheElemente\" data-widget_type=\"heading.default\">\n\t\t\t\t<div class=\"elementor-widget-container\">\n\t\t\t\t\t<h2 class=\"elementor-heading-title elementor-size-default\">Nat\u00fcrliche Elemente einbeziehen<\/h2>\t\t\t\t<\/div>\n\t\t\t\t<\/div>\n\t\t\t\t<div class=\"elementor-element elementor-element-0f46d9a elementor-widget elementor-widget-text-editor\" data-id=\"0f46d9a\" data-element_type=\"widget\" data-widget_type=\"text-editor.default\">\n\t\t\t\t<div class=\"elementor-widget-container\">\n\t\t\t\t\t\t\t\t\t<p><span style=\"font-weight: 400;\">Ein wichtiger Aspekt der Sommerdekoration ist es, die Natur ins Haus zu holen. Verwenden Sie nat\u00fcrliche Materialien wie Holz, Stein und Weidengeflecht, um Textur und W\u00e4rme zu erzeugen. Couchtische aus Holz, Steinvasen und Weidenk\u00f6rbe k\u00f6nnen einen Hauch von Natur in Ihren Raum bringen.<\/span><\/p>\t\t\t\t\t\t\t\t<\/div>\n\t\t\t\t<\/div>\n\t\t\t\t\t<\/div>\n\t\t<\/div>\n\t\t\t\t\t<\/div>\n\t\t<\/section>\n\t\t\t\t<section class=\"elementor-section elementor-top-section elementor-element elementor-element-f51f438 elementor-section-boxed elementor-section-height-default elementor-section-height-default\" data-id=\"f51f438\" data-element_type=\"section\">\n\t\t\t\t\t\t<div class=\"elementor-container elementor-column-gap-default\">\n\t\t\t\t\t<div class=\"elementor-column elementor-col-100 elementor-top-column elementor-element elementor-element-629cbfb\" data-id=\"629cbfb\" data-element_type=\"column\">\n\t\t\t<div class=\"elementor-widget-wrap elementor-element-populated\">\n\t\t\t\t\t\t<div class=\"elementor-element elementor-element-28a1af7 elementor-widget elementor-widget-heading\" data-id=\"28a1af7\" data-element_type=\"widget\" id=\"einenminimalistischen\" data-widget_type=\"heading.default\">\n\t\t\t\t<div class=\"elementor-widget-container\">\n\t\t\t\t\t<h2 class=\"elementor-heading-title elementor-size-default\">Entr\u00fcmpeln f\u00fcr einen minimalistischen<\/h2>\t\t\t\t<\/div>\n\t\t\t\t<\/div>\n\t\t\t\t<div class=\"elementor-element elementor-element-53945c3 elementor-widget elementor-widget-text-editor\" data-id=\"53945c3\" data-element_type=\"widget\" data-widget_type=\"text-editor.default\">\n\t\t\t\t<div class=\"elementor-widget-container\">\n\t\t\t\t\t\t\t\t\t<p><span style=\"font-weight: 400;\">Ein aufger\u00e4umter Raum ist die Voraussetzung f\u00fcr einen minimalistischen Look. Beginnen Sie damit, Ihr Zimmer zu entr\u00fcmpeln und Dinge loszuwerden, die Sie nicht brauchen. Verwenden Sie Aufbewahrungsl\u00f6sungen wie K\u00f6rbe und Beh\u00e4lter, um Ordnung zu schaffen. Denken Sie daran: Weniger ist mehr, wenn es um minimalistische Einrichtung geht.<\/span><\/p>\t\t\t\t\t\t\t\t<\/div>\n\t\t\t\t<\/div>\n\t\t\t\t<div class=\"elementor-element elementor-element-233d4f6 elementor-widget elementor-widget-image\" data-id=\"233d4f6\" data-element_type=\"widget\" data-widget_type=\"image.default\">\n\t\t\t\t<div class=\"elementor-widget-container\">\n\t\t\t\t\t\t\t\t\t\t\t\t\t\t\t<img loading=\"lazy\" decoding=\"async\" width=\"950\" height=\"633\" src=\"https:\/\/www.kunstloft.ch\/magazin\/wp-content\/uploads\/2024\/09\/Einbindung-natuerlicher-Elemente-wie-Pflanzen-1024x682.webp\" class=\"attachment-large size-large wp-image-46602\" alt=\"Einbindung-nat\u00fcrlicher-Elemente-wie-Pflanzen\" srcset=\"https:\/\/www.kunstloft.ch\/magazin\/wp-content\/uploads\/2024\/09\/Einbindung-natuerlicher-Elemente-wie-Pflanzen-1024x682.webp 1024w, https:\/\/www.kunstloft.ch\/magazin\/wp-content\/uploads\/2024\/09\/Einbindung-natuerlicher-Elemente-wie-Pflanzen-300x200.webp 300w, https:\/\/www.kunstloft.ch\/magazin\/wp-content\/uploads\/2024\/09\/Einbindung-natuerlicher-Elemente-wie-Pflanzen-768x512.webp 768w, https:\/\/www.kunstloft.ch\/magazin\/wp-content\/uploads\/2024\/09\/Einbindung-natuerlicher-Elemente-wie-Pflanzen-640x427.webp 640w, https:\/\/www.kunstloft.ch\/magazin\/wp-content\/uploads\/2024\/09\/Einbindung-natuerlicher-Elemente-wie-Pflanzen.webp 1280w\" sizes=\"100vw\" \/>\t\t\t\t\t\t\t\t\t\t\t\t\t\t\t<\/div>\n\t\t\t\t<\/div>\n\t\t\t\t\t<\/div>\n\t\t<\/div>\n\t\t\t\t\t<\/div>\n\t\t<\/section>\n\t\t\t\t<section class=\"elementor-section elementor-top-section elementor-element elementor-element-17a5cef elementor-section-boxed elementor-section-height-default elementor-section-height-default\" data-id=\"17a5cef\" data-element_type=\"section\">\n\t\t\t\t\t\t<div class=\"elementor-container elementor-column-gap-default\">\n\t\t\t\t\t<div class=\"elementor-column elementor-col-100 elementor-top-column elementor-element elementor-element-2e90808\" data-id=\"2e90808\" data-element_type=\"column\">\n\t\t\t<div class=\"elementor-widget-wrap elementor-element-populated\">\n\t\t\t\t\t\t<div class=\"elementor-element elementor-element-fe7b318 elementor-widget elementor-widget-heading\" data-id=\"fe7b318\" data-element_type=\"widget\" id=\"minimalistischesDekor\" data-widget_type=\"heading.default\">\n\t\t\t\t<div class=\"elementor-widget-container\">\n\t\t\t\t\t<h2 class=\"elementor-heading-title elementor-size-default\">Ihr minimalistisches Dekor individuell gestalten<\/h2>\t\t\t\t<\/div>\n\t\t\t\t<\/div>\n\t\t\t\t<div class=\"elementor-element elementor-element-666c0d6 elementor-widget elementor-widget-text-editor\" data-id=\"666c0d6\" data-element_type=\"widget\" data-widget_type=\"text-editor.default\">\n\t\t\t\t<div class=\"elementor-widget-container\">\n\t\t\t\t\t\t\t\t\t<p><span style=\"font-weight: 400;\">Pers\u00f6nliche Akzente k\u00f6nnen Ihren Raum einladender wirken lassen, ohne ihn zu \u00fcberladen. Ziehen Sie Heimwerkerprojekte in Erw\u00e4gung, wie z. B. das Malen Ihrer eigenen minimalistischen Kunst oder das Anfertigen einfacher <\/span><a href=\"https:\/\/www.kunstloft.ch\/wandbehang\/\" target=\"_blank\" rel=\"noopener\"><span style=\"font-weight: 400;\">Wandbeh\u00e4nge<\/span><\/a><span style=\"font-weight: 400;\">, die von KunstLoft-Designs inspiriert sind. Diese pers\u00f6nlichen Elemente k\u00f6nnen Ihrem Raum Charakter verleihen und gleichzeitig die minimalistische \u00c4sthetik beibehalten.<\/span><\/p>\t\t\t\t\t\t\t\t<\/div>\n\t\t\t\t<\/div>\n\t\t\t\t\t<\/div>\n\t\t<\/div>\n\t\t\t\t\t<\/div>\n\t\t<\/section>\n\t\t\t\t<section class=\"elementor-section elementor-top-section elementor-element elementor-element-45803b2 elementor-section-boxed elementor-section-height-default elementor-section-height-default\" data-id=\"45803b2\" data-element_type=\"section\">\n\t\t\t\t\t\t<div class=\"elementor-container elementor-column-gap-default\">\n\t\t\t\t\t<div class=\"elementor-column elementor-col-50 elementor-top-column elementor-element elementor-element-37e4872\" data-id=\"37e4872\" data-element_type=\"column\">\n\t\t\t<div class=\"elementor-widget-wrap elementor-element-populated\">\n\t\t\t\t\t\t<div class=\"elementor-element elementor-element-217fc31 elementor-widget elementor-widget-image\" data-id=\"217fc31\" data-element_type=\"widget\" data-widget_type=\"image.default\">\n\t\t\t\t<div class=\"elementor-widget-container\">\n\t\t\t\t\t\t\t\t\t\t\t\t\t\t\t<img loading=\"lazy\" decoding=\"async\" width=\"683\" height=\"1024\" src=\"https:\/\/www.kunstloft.ch\/magazin\/wp-content\/uploads\/2024\/09\/Minimalistische-Wohndekoration-mit-Wandbehang-personalisieren-683x1024.webp\" class=\"attachment-large size-large wp-image-46611\" alt=\"Minimalistische Wohndekoration mit Wandbehang personalisieren\" srcset=\"https:\/\/www.kunstloft.ch\/magazin\/wp-content\/uploads\/2024\/09\/Minimalistische-Wohndekoration-mit-Wandbehang-personalisieren-683x1024.webp 683w, https:\/\/www.kunstloft.ch\/magazin\/wp-content\/uploads\/2024\/09\/Minimalistische-Wohndekoration-mit-Wandbehang-personalisieren-200x300.webp 200w, https:\/\/www.kunstloft.ch\/magazin\/wp-content\/uploads\/2024\/09\/Minimalistische-Wohndekoration-mit-Wandbehang-personalisieren-768x1152.webp 768w, https:\/\/www.kunstloft.ch\/magazin\/wp-content\/uploads\/2024\/09\/Minimalistische-Wohndekoration-mit-Wandbehang-personalisieren-640x960.webp 640w, https:\/\/www.kunstloft.ch\/magazin\/wp-content\/uploads\/2024\/09\/Minimalistische-Wohndekoration-mit-Wandbehang-personalisieren.webp 800w\" sizes=\"100vw\" \/>\t\t\t\t\t\t\t\t\t\t\t\t\t\t\t<\/div>\n\t\t\t\t<\/div>\n\t\t\t\t\t<\/div>\n\t\t<\/div>\n\t\t\t\t<div class=\"elementor-column elementor-col-50 elementor-top-column elementor-element elementor-element-5ad0c11\" data-id=\"5ad0c11\" data-element_type=\"column\">\n\t\t\t<div class=\"elementor-widget-wrap elementor-element-populated\">\n\t\t\t\t\t\t<div class=\"elementor-element elementor-element-6585c48 elementor-widget elementor-widget-image\" data-id=\"6585c48\" data-element_type=\"widget\" data-widget_type=\"image.default\">\n\t\t\t\t<div class=\"elementor-widget-container\">\n\t\t\t\t\t\t\t\t\t\t\t\t\t\t\t<img loading=\"lazy\" decoding=\"async\" width=\"683\" height=\"1024\" src=\"https:\/\/www.kunstloft.ch\/magazin\/wp-content\/uploads\/2024\/09\/Minimalistische-Wohndekoration-mit-Feder-Wandbehaengen-individuell-gestalten-683x1024.webp\" class=\"attachment-large size-large wp-image-46610\" alt=\"Minimalistische-Wohndekoration-mit-Feder-Wandbeh\u00e4ngen-individuell gestalten\" srcset=\"https:\/\/www.kunstloft.ch\/magazin\/wp-content\/uploads\/2024\/09\/Minimalistische-Wohndekoration-mit-Feder-Wandbehaengen-individuell-gestalten-683x1024.webp 683w, https:\/\/www.kunstloft.ch\/magazin\/wp-content\/uploads\/2024\/09\/Minimalistische-Wohndekoration-mit-Feder-Wandbehaengen-individuell-gestalten-200x300.webp 200w, https:\/\/www.kunstloft.ch\/magazin\/wp-content\/uploads\/2024\/09\/Minimalistische-Wohndekoration-mit-Feder-Wandbehaengen-individuell-gestalten-768x1152.webp 768w, https:\/\/www.kunstloft.ch\/magazin\/wp-content\/uploads\/2024\/09\/Minimalistische-Wohndekoration-mit-Feder-Wandbehaengen-individuell-gestalten-640x960.webp 640w, https:\/\/www.kunstloft.ch\/magazin\/wp-content\/uploads\/2024\/09\/Minimalistische-Wohndekoration-mit-Feder-Wandbehaengen-individuell-gestalten.webp 800w\" sizes=\"100vw\" \/>\t\t\t\t\t\t\t\t\t\t\t\t\t\t\t<\/div>\n\t\t\t\t<\/div>\n\t\t\t\t\t<\/div>\n\t\t<\/div>\n\t\t\t\t\t<\/div>\n\t\t<\/section>\n\t\t\t\t<section class=\"elementor-section elementor-top-section elementor-element elementor-element-1ee602c elementor-section-boxed elementor-section-height-default elementor-section-height-default\" data-id=\"1ee602c\" data-element_type=\"section\">\n\t\t\t\t\t\t<div class=\"elementor-container elementor-column-gap-default\">\n\t\t\t\t\t<div class=\"elementor-column elementor-col-100 elementor-top-column elementor-element elementor-element-2d500a3\" data-id=\"2d500a3\" data-element_type=\"column\">\n\t\t\t<div class=\"elementor-widget-wrap elementor-element-populated\">\n\t\t\t\t\t\t<div class=\"elementor-element elementor-element-38652c1 elementor-widget-divider--view-line_text elementor-widget-divider--element-align-center elementor-widget elementor-widget-divider\" data-id=\"38652c1\" data-element_type=\"widget\" data-widget_type=\"divider.default\">\n\t\t\t\t<div class=\"elementor-widget-container\">\n\t\t\t\t\t\t\t<div class=\"elementor-divider\">\n\t\t\t<span class=\"elementor-divider-separator\">\n\t\t\t\t\t\t\t<span class=\"elementor-divider__text elementor-divider__element\">\n\t\t\t\tWANDBEH\u00c4NGE ZUR ERG\u00c4NZUNG IHRES MINIMALISTISCH GESTALTETEN PERS\u00d6NLICHEN RAUMS\t\t\t\t<\/span>\n\t\t\t\t\t\t<\/span>\n\t\t<\/div>\n\t\t\t\t\t\t<\/div>\n\t\t\t\t<\/div>\n\t\t\t\t\t<\/div>\n\t\t<\/div>\n\t\t\t\t\t<\/div>\n\t\t<\/section>\n\t\t\t\t<section class=\"elementor-section elementor-top-section elementor-element elementor-element-680cb74 elementor-section-boxed elementor-section-height-default elementor-section-height-default\" data-id=\"680cb74\" data-element_type=\"section\">\n\t\t\t\t\t\t<div class=\"elementor-container elementor-column-gap-default\">\n\t\t\t\t\t<div class=\"elementor-column elementor-col-50 elementor-top-column elementor-element elementor-element-5ee0e86\" data-id=\"5ee0e86\" data-element_type=\"column\">\n\t\t\t<div class=\"elementor-widget-wrap elementor-element-populated\">\n\t\t\t\t\t\t<div class=\"elementor-element elementor-element-7342596 elementor-widget elementor-widget-image\" data-id=\"7342596\" data-element_type=\"widget\" data-widget_type=\"image.default\">\n\t\t\t\t<div class=\"elementor-widget-container\">\n\t\t\t\t\t\t\t\t\t\t\t\t\t\t\t\t<a href=\"https:\/\/www.kunstloft.ch\/3566-wandbehang-skillful-hands\/\" target=\"_blank\">\n\t\t\t\t\t\t\t<img loading=\"lazy\" decoding=\"async\" width=\"600\" height=\"900\" src=\"https:\/\/www.kunstloft.ch\/magazin\/wp-content\/uploads\/2024\/09\/kl03448-muster-fransen-baumwolle-weiss-modern-makramee-wandbehang-wandteppich-02.webp\" class=\"attachment-large size-large wp-image-46612\" alt=\"kl03448-muster-fransen-baumwolle-weiss-modern-makramee-wandbehang-wandteppich-02\" srcset=\"https:\/\/www.kunstloft.ch\/magazin\/wp-content\/uploads\/2024\/09\/kl03448-muster-fransen-baumwolle-weiss-modern-makramee-wandbehang-wandteppich-02.webp 600w, https:\/\/www.kunstloft.ch\/magazin\/wp-content\/uploads\/2024\/09\/kl03448-muster-fransen-baumwolle-weiss-modern-makramee-wandbehang-wandteppich-02-200x300.webp 200w\" sizes=\"100vw\" \/>\t\t\t\t\t\t\t\t<\/a>\n\t\t\t\t\t\t\t\t\t\t\t\t\t\t\t<\/div>\n\t\t\t\t<\/div>\n\t\t\t\t<div class=\"elementor-element elementor-element-822aa31 elementor-widget elementor-widget-text-editor\" data-id=\"822aa31\" data-element_type=\"widget\" data-widget_type=\"text-editor.default\">\n\t\t\t\t<div class=\"elementor-widget-container\">\n\t\t\t\t\t\t\t\t\t<p><a href=\"https:\/\/www.kunstloft.ch\/3566-wandbehang-skillful-hands\/\" target=\"_blank\" rel=\"noopener\">Wandbehang &#8218;Skillful Hands&#8216; 55x115cm<\/a><\/p>\t\t\t\t\t\t\t\t<\/div>\n\t\t\t\t<\/div>\n\t\t\t\t\t<\/div>\n\t\t<\/div>\n\t\t\t\t<div class=\"elementor-column elementor-col-50 elementor-top-column elementor-element elementor-element-194b0f1\" data-id=\"194b0f1\" data-element_type=\"column\">\n\t\t\t<div class=\"elementor-widget-wrap elementor-element-populated\">\n\t\t\t\t\t\t<div class=\"elementor-element elementor-element-d5b80df elementor-widget elementor-widget-image\" data-id=\"d5b80df\" data-element_type=\"widget\" data-widget_type=\"image.default\">\n\t\t\t\t<div class=\"elementor-widget-container\">\n\t\t\t\t\t\t\t\t\t\t\t\t\t\t\t\t<a href=\"https:\/\/www.kunstloft.ch\/3562-wandbehang-hailey\/\" target=\"_blank\">\n\t\t\t\t\t\t\t<img loading=\"lazy\" decoding=\"async\" width=\"600\" height=\"900\" src=\"https:\/\/www.kunstloft.ch\/magazin\/wp-content\/uploads\/2024\/09\/kl03443-streifen-fransen-wolle-rosa-weiss-modern-makramee-wandbehang-wandteppich-02.webp\" class=\"attachment-large size-large wp-image-46614\" alt=\"kl03443-streifen-fransen-wolle-rosa-weiss-modern-makramee-wandbehang-wandteppich-02\" srcset=\"https:\/\/www.kunstloft.ch\/magazin\/wp-content\/uploads\/2024\/09\/kl03443-streifen-fransen-wolle-rosa-weiss-modern-makramee-wandbehang-wandteppich-02.webp 600w, https:\/\/www.kunstloft.ch\/magazin\/wp-content\/uploads\/2024\/09\/kl03443-streifen-fransen-wolle-rosa-weiss-modern-makramee-wandbehang-wandteppich-02-200x300.webp 200w\" sizes=\"100vw\" \/>\t\t\t\t\t\t\t\t<\/a>\n\t\t\t\t\t\t\t\t\t\t\t\t\t\t\t<\/div>\n\t\t\t\t<\/div>\n\t\t\t\t<div class=\"elementor-element elementor-element-2b1707a elementor-widget elementor-widget-text-editor\" data-id=\"2b1707a\" data-element_type=\"widget\" data-widget_type=\"text-editor.default\">\n\t\t\t\t<div class=\"elementor-widget-container\">\n\t\t\t\t\t\t\t\t\t<p><a href=\"https:\/\/www.kunstloft.ch\/3562-wandbehang-hailey\/\" target=\"_blank\" rel=\"noopener\">Wandbehang &#8218;Hailey&#8216; 60x100cm<\/a><\/p>\t\t\t\t\t\t\t\t<\/div>\n\t\t\t\t<\/div>\n\t\t\t\t\t<\/div>\n\t\t<\/div>\n\t\t\t\t\t<\/div>\n\t\t<\/section>\n\t\t\t\t<section class=\"elementor-section elementor-top-section elementor-element elementor-element-9c39741 elementor-section-boxed elementor-section-height-default elementor-section-height-default\" data-id=\"9c39741\" data-element_type=\"section\">\n\t\t\t\t\t\t<div class=\"elementor-container elementor-column-gap-default\">\n\t\t\t\t\t<div class=\"elementor-column elementor-col-100 elementor-top-column elementor-element elementor-element-14406d0\" data-id=\"14406d0\" data-element_type=\"column\">\n\t\t\t<div class=\"elementor-widget-wrap elementor-element-populated\">\n\t\t\t\t\t\t<div class=\"elementor-element elementor-element-0567a11 elementor-widget elementor-widget-heading\" data-id=\"0567a11\" data-element_type=\"widget\" id=\"PflegenSieIhrminimalistisches\" data-widget_type=\"heading.default\">\n\t\t\t\t<div class=\"elementor-widget-container\">\n\t\t\t\t\t<h2 class=\"elementor-heading-title elementor-size-default\">Pflegen Sie Ihr minimalistisches Sommerdekor<\/h2>\t\t\t\t<\/div>\n\t\t\t\t<\/div>\n\t\t\t\t<div class=\"elementor-element elementor-element-869a8b2 elementor-widget elementor-widget-text-editor\" data-id=\"869a8b2\" data-element_type=\"widget\" data-widget_type=\"text-editor.default\">\n\t\t\t\t<div class=\"elementor-widget-container\">\n\t\t\t\t\t\t\t\t\t<p><span style=\"font-weight: 400;\">Damit Ihr Raum den ganzen Sommer \u00fcber frisch aussieht, ist eine regelm\u00e4\u00dfige Reinigung und Pflege unerl\u00e4sslich. Wischen Sie regelm\u00e4\u00dfig Staub und saugen Sie Staub, damit Ihr Raum sauber und aufger\u00e4umt aussieht. Einfache Reinigungsroutinen k\u00f6nnen dazu beitragen, das luftige und offene Gef\u00fchl Ihrer minimalistischen Einrichtung zu erhalten.<\/span><\/p>\t\t\t\t\t\t\t\t<\/div>\n\t\t\t\t<\/div>\n\t\t\t\t\t<\/div>\n\t\t<\/div>\n\t\t\t\t\t<\/div>\n\t\t<\/section>\n\t\t\t\t<section class=\"elementor-section elementor-top-section elementor-element elementor-element-a69b74b elementor-section-boxed elementor-section-height-default elementor-section-height-default\" data-id=\"a69b74b\" data-element_type=\"section\">\n\t\t\t\t\t\t<div class=\"elementor-container elementor-column-gap-default\">\n\t\t\t\t\t<div class=\"elementor-column elementor-col-100 elementor-top-column elementor-element elementor-element-6c21c65\" data-id=\"6c21c65\" data-element_type=\"column\">\n\t\t\t<div class=\"elementor-widget-wrap elementor-element-populated\">\n\t\t\t\t\t\t<div class=\"elementor-element elementor-element-516f653 elementor-widget elementor-widget-heading\" data-id=\"516f653\" data-element_type=\"widget\" id=\"Einkaufenf\u00fcrminimalistisches\" data-widget_type=\"heading.default\">\n\t\t\t\t<div class=\"elementor-widget-container\">\n\t\t\t\t\t<h2 class=\"elementor-heading-title elementor-size-default\">Einkaufen f\u00fcr minimalistisches Dekor<\/h2>\t\t\t\t<\/div>\n\t\t\t\t<\/div>\n\t\t\t\t<div class=\"elementor-element elementor-element-fecfcf8 elementor-widget elementor-widget-text-editor\" data-id=\"fecfcf8\" data-element_type=\"widget\" data-widget_type=\"text-editor.default\">\n\t\t\t\t<div class=\"elementor-widget-container\">\n\t\t\t\t\t\t\t\t\t<p><span style=\"font-weight: 400;\">Wenn es um minimalistische Dekoration geht, ist <\/span><a href=\"https:\/\/www.kunstloft.ch\/\" target=\"_blank\" rel=\"noopener\"><b>KunstLoft<\/b><\/a><span style=\"font-weight: 400;\"> die erste Wahl f\u00fcr stilvolle und erschwingliche Optionen. Die breite Produktpalette deckt eine Vielzahl von Geschm\u00e4ckern und Vorlieben ab, so dass Sie sicher St\u00fccke finden werden, die perfekt zu Ihrem Zuhause passen.<\/span><\/p><p><span style=\"font-weight: 400;\">Minimalistische Sommerdekoration ist eine fantastische M\u00f6glichkeit, Ihr Zuhause zu erfrischen und einen ruhigen und einladenden Raum zu schaffen. Mit hellen und luftigen Elementen, nat\u00fcrlichen Texturen und <\/span><a href=\"https:\/\/www.kunstloft.ch\/moebel\/\" target=\"_blank\" rel=\"noopener\"><span style=\"font-weight: 400;\">funktionalen M\u00f6beln von KunstLoft<\/span><\/a><span style=\"font-weight: 400;\"> k\u00f6nnen Sie eine stilvolle und entspannende Umgebung schaffen. Beginnen Sie noch heute mit Ihrer Sommerfrische und genie\u00dfen Sie die heitere Sch\u00f6nheit der minimalistischen Einrichtung.<\/span><\/p>\t\t\t\t\t\t\t\t<\/div>\n\t\t\t\t<\/div>\n\t\t\t\t\t<\/div>\n\t\t<\/div>\n\t\t\t\t\t<\/div>\n\t\t<\/section>\n\t\t\t\t<section class=\"elementor-section elementor-top-section elementor-element elementor-element-13a3d69 elementor-section-boxed elementor-section-height-default elementor-section-height-default\" data-id=\"13a3d69\" data-element_type=\"section\">\n\t\t\t\t\t\t<div class=\"elementor-container elementor-column-gap-default\">\n\t\t\t\t\t<div class=\"elementor-column elementor-col-100 elementor-top-column elementor-element elementor-element-aaa84b1\" data-id=\"aaa84b1\" data-element_type=\"column\">\n\t\t\t<div class=\"elementor-widget-wrap elementor-element-populated\">\n\t\t\t\t\t\t<div class=\"elementor-element elementor-element-290bea6 elementor-widget elementor-widget-heading\" data-id=\"290bea6\" data-element_type=\"widget\" data-widget_type=\"heading.default\">\n\t\t\t\t<div class=\"elementor-widget-container\">\n\t\t\t\t\t<h3 class=\"elementor-heading-title elementor-size-default\">WEITERE MINIMALISTISCHE KUNSTWERKE ZUR ERFRISCHUNG IHRES <br \/>ZUHAUSES IN DIESEM SOMMER FINDEN<\/h3>\t\t\t\t<\/div>\n\t\t\t\t<\/div>\n\t\t\t\t<div class=\"elementor-element elementor-element-c1211ba elementor-arrows-position-inside elementor-pagination-position-outside elementor-widget elementor-widget-image-carousel\" data-id=\"c1211ba\" data-element_type=\"widget\" data-settings=\"{&quot;slides_to_show&quot;:&quot;5&quot;,&quot;navigation&quot;:&quot;both&quot;,&quot;autoplay&quot;:&quot;yes&quot;,&quot;pause_on_hover&quot;:&quot;yes&quot;,&quot;pause_on_interaction&quot;:&quot;yes&quot;,&quot;autoplay_speed&quot;:5000,&quot;infinite&quot;:&quot;yes&quot;,&quot;speed&quot;:500}\" data-widget_type=\"image-carousel.default\">\n\t\t\t\t<div class=\"elementor-widget-container\">\n\t\t\t\t\t\t\t<div class=\"elementor-image-carousel-wrapper swiper\" role=\"region\" aria-roledescription=\"carousel\" aria-label=\"Image Carousel\" dir=\"ltr\">\n\t\t\t<div class=\"elementor-image-carousel swiper-wrapper\" aria-live=\"off\">\n\t\t\t\t\t\t\t\t<div class=\"swiper-slide\" role=\"group\" aria-roledescription=\"slide\" aria-label=\"1 of 17\"><figure class=\"swiper-slide-inner\"><img decoding=\"async\" class=\"swiper-slide-image\" src=\"https:\/\/www.kunstloft.ch\/magazin\/wp-content\/uploads\/2024\/09\/kl00230-strandkorb-meer-ostsee-pastell-blau-acryl-gemaelde-acryl-bilder-leinwandbilder-moderne-kunst-01-150x150.webp\" alt=\"kl00230-strandkorb-meer-ostsee-pastell-blau-acryl-gemaelde-acryl-bilder-leinwandbilder-moderne-kunst-01\" \/><\/figure><\/div><div class=\"swiper-slide\" role=\"group\" aria-roledescription=\"slide\" aria-label=\"2 of 17\"><figure class=\"swiper-slide-inner\"><img decoding=\"async\" class=\"swiper-slide-image\" src=\"https:\/\/www.kunstloft.ch\/magazin\/wp-content\/uploads\/2024\/09\/kl00236-segelboot-meer-segelyacht-segelschiff-auf-see-modern-acryl-gemaelde-oel-bild-oelgemaelde-01-150x150.webp\" alt=\"kl00236-segelboot-meer-segelyacht-segelschiff-auf-see-modern-acryl-gemaelde-oel-bild-oelgemaelde-01\" \/><\/figure><\/div><div class=\"swiper-slide\" role=\"group\" aria-roledescription=\"slide\" aria-label=\"3 of 17\"><figure class=\"swiper-slide-inner\"><img decoding=\"async\" class=\"swiper-slide-image\" src=\"https:\/\/www.kunstloft.ch\/magazin\/wp-content\/uploads\/2024\/09\/kl00237-segelboote-auf-see-grau-acryl-gemaelde-acryl-bilder-leinwandbilder-moderne-kunst-01-150x150.webp\" alt=\"kl00237-segelboote-auf-see-grau-acryl-gemaelde-acryl-bilder-leinwandbilder-moderne-kunst-01\" \/><\/figure><\/div><div class=\"swiper-slide\" role=\"group\" aria-roledescription=\"slide\" aria-label=\"4 of 17\"><figure class=\"swiper-slide-inner\"><img decoding=\"async\" class=\"swiper-slide-image\" src=\"https:\/\/www.kunstloft.ch\/magazin\/wp-content\/uploads\/2024\/09\/kl00251-voegel-heimat-bunt-parade-vintage-modern-acryl-gemaelde-oel-bild-oelgemaelde-01-150x150.webp\" alt=\"kl00251-voegel-heimat-bunt-parade-vintage-modern-acryl-gemaelde-oel-bild-oelgemaelde-01\" \/><\/figure><\/div><div class=\"swiper-slide\" role=\"group\" aria-roledescription=\"slide\" aria-label=\"5 of 17\"><figure class=\"swiper-slide-inner\"><img decoding=\"async\" class=\"swiper-slide-image\" src=\"https:\/\/www.kunstloft.ch\/magazin\/wp-content\/uploads\/2024\/09\/kl01878-segeln-meer-blau-weiss-modern-acryl-gemaelde-oel-bild-02-150x150.webp\" alt=\"kl01878-segeln-meer-blau-weiss-modern-acryl-gemaelde-oel-bild-02\" \/><\/figure><\/div><div class=\"swiper-slide\" role=\"group\" aria-roledescription=\"slide\" aria-label=\"6 of 17\"><figure class=\"swiper-slide-inner\"><img decoding=\"async\" class=\"swiper-slide-image\" src=\"https:\/\/www.kunstloft.ch\/magazin\/wp-content\/uploads\/2024\/09\/kl02709pflanzeurwaldblumen-modern-acryl-gemaelde-oel-bild-02-150x150.webp\" alt=\"kl02709pflanzeurwaldblumen-modern-acryl-gemaelde-oel-bild-02\" \/><\/figure><\/div><div class=\"swiper-slide\" role=\"group\" aria-roledescription=\"slide\" aria-label=\"7 of 17\"><figure class=\"swiper-slide-inner\"><img decoding=\"async\" class=\"swiper-slide-image\" src=\"https:\/\/www.kunstloft.ch\/magazin\/wp-content\/uploads\/2024\/09\/KL03697-meer-strand-beige-blau-acryl-gemaelde-acryl-bilder-leinwandbilder-moderne-kunst-01-150x150.webp\" alt=\"KL03697-meer-strand-beige-blau-acryl-gemaelde-acryl-bilder-leinwandbilder-moderne-kunst-01\" \/><\/figure><\/div><div class=\"swiper-slide\" role=\"group\" aria-roledescription=\"slide\" aria-label=\"8 of 17\"><figure class=\"swiper-slide-inner\"><img decoding=\"async\" class=\"swiper-slide-image\" src=\"https:\/\/www.kunstloft.ch\/magazin\/wp-content\/uploads\/2024\/09\/kl00591-segelboot-bunt-abstrakt-modern-acryl-gemaelde-oel-bild-oelgemaelde-01-150x150.webp\" alt=\"kl00591-segelboot-bunt-abstrakt-modern-acryl-gemaelde-oel-bild-oelgemaelde-01\" \/><\/figure><\/div><div class=\"swiper-slide\" role=\"group\" aria-roledescription=\"slide\" aria-label=\"9 of 17\"><figure class=\"swiper-slide-inner\"><img decoding=\"async\" class=\"swiper-slide-image\" src=\"https:\/\/www.kunstloft.ch\/magazin\/wp-content\/uploads\/2024\/09\/kl05481-natur-dschungel-blau-braun-acryl-gemaelde-acryl-bilder-leinwandbilder-moderne-kunst-01-150x150.webp\" alt=\"kl00873-segel-boot-blau-meer-modern-acryl-gemaelde-oel-bild-02\" \/><\/figure><\/div><div class=\"swiper-slide\" role=\"group\" aria-roledescription=\"slide\" aria-label=\"10 of 17\"><figure class=\"swiper-slide-inner\"><img decoding=\"async\" class=\"swiper-slide-image\" src=\"https:\/\/www.kunstloft.ch\/magazin\/wp-content\/uploads\/2024\/09\/kl00062-sommermeerbooteampmoeweninblaumodernacrylgemaeldeoelbildoelgemaelde-01-150x150.webp\" alt=\"kl00062-sommermeerbooteampmoeweninblaumodernacrylgemaeldeoelbildoelgemaelde-01\" \/><\/figure><\/div><div class=\"swiper-slide\" role=\"group\" aria-roledescription=\"slide\" aria-label=\"11 of 17\"><figure class=\"swiper-slide-inner\"><img decoding=\"async\" class=\"swiper-slide-image\" src=\"https:\/\/www.kunstloft.ch\/magazin\/wp-content\/uploads\/2024\/09\/kl00767-segelboote-schiffe-abstakt-boote-modern-acryl-gemaelde-oel-bild-025798a5bcd6d90-150x150.webp\" alt=\"kl00767-segelboote-schiffe-abstakt-boote-modern-acryl-gemaelde-oel-bild-025798a5bcd6d90\" \/><\/figure><\/div><div class=\"swiper-slide\" role=\"group\" aria-roledescription=\"slide\" aria-label=\"12 of 17\"><figure class=\"swiper-slide-inner\"><img decoding=\"async\" class=\"swiper-slide-image\" src=\"https:\/\/www.kunstloft.ch\/magazin\/wp-content\/uploads\/2024\/09\/kl05430-straende-blau-grau-acryl-gemaelde-acryl-bilder-leinwandbilder-moderne-kunst-01-150x150.webp\" alt=\"kl05430-straende-blau-grau-acryl-gemaelde-acryl-bilder-leinwandbilder-moderne-kunst-01\" \/><\/figure><\/div><div class=\"swiper-slide\" role=\"group\" aria-roledescription=\"slide\" aria-label=\"13 of 17\"><figure class=\"swiper-slide-inner\"><img decoding=\"async\" class=\"swiper-slide-image\" src=\"https:\/\/www.kunstloft.ch\/magazin\/wp-content\/uploads\/2024\/09\/kl02444-segelschiffe-boote-meer-bunt-modern-acryl-gemaelde-oel-bild-kunst-kunstloft-collage-metall-holz-01-150x150.webp\" alt=\"kl02444-segelschiffe-boote-meer-bunt-modern-acryl-gemaelde-oel-bild-kunst-kunstloft-collage-metall-holz-01\" \/><\/figure><\/div><div class=\"swiper-slide\" role=\"group\" aria-roledescription=\"slide\" aria-label=\"14 of 17\"><figure class=\"swiper-slide-inner\"><img decoding=\"async\" class=\"swiper-slide-image\" src=\"https:\/\/www.kunstloft.ch\/magazin\/wp-content\/uploads\/2024\/09\/kl03976-boat-beach-beige-blue-metal-painting-metal-wall-painting-wall-decoration-wall-sculpture-01-150x150.webp\" alt=\"kl03976-boat-beach-beige-blue-metal-painting-metal-wall-painting-wall-decoration-wall-sculpture-01\" \/><\/figure><\/div><div class=\"swiper-slide\" role=\"group\" aria-roledescription=\"slide\" aria-label=\"15 of 17\"><figure class=\"swiper-slide-inner\"><img decoding=\"async\" class=\"swiper-slide-image\" src=\"https:\/\/www.kunstloft.ch\/magazin\/wp-content\/uploads\/2024\/09\/kl03978-heissluftballon-bunt-blau-metall-bilder-metall-wandbilder-wanddeko-wandskulptur-01-150x150.webp\" alt=\"kl03978-heissluftballon-bunt-blau-metall-bilder-metall-wandbilder-wanddeko-wandskulptur-01\" \/><\/figure><\/div><div class=\"swiper-slide\" role=\"group\" aria-roledescription=\"slide\" aria-label=\"16 of 17\"><figure class=\"swiper-slide-inner\"><img decoding=\"async\" class=\"swiper-slide-image\" src=\"https:\/\/www.kunstloft.ch\/magazin\/wp-content\/uploads\/2024\/09\/kl05609-straende-bunt-metall-bilder-metall-wandbilder-wanddeko-wandskulptur-01-150x150.webp\" alt=\"kl05609-straende-bunt-metall-bilder-metall-wandbilder-wanddeko-wandskulptur-01\" \/><\/figure><\/div><div class=\"swiper-slide\" role=\"group\" aria-roledescription=\"slide\" aria-label=\"17 of 17\"><figure class=\"swiper-slide-inner\"><img decoding=\"async\" class=\"swiper-slide-image\" src=\"https:\/\/www.kunstloft.ch\/magazin\/wp-content\/uploads\/2024\/09\/kl00873-segel-boot-blau-meer-modern-acryl-gemaelde-oel-bild-02-150x150.webp\" alt=\"kl00873-segel-boot-blau-meer-modern-acryl-gemaelde-oel-bild-02\" \/><\/figure><\/div>\t\t\t<\/div>\n\t\t\t\t\t\t\t\t\t\t\t\t<div class=\"elementor-swiper-button elementor-swiper-button-prev\" role=\"button\" tabindex=\"0\">\n\t\t\t\t\t\t<i aria-hidden=\"true\" class=\"eicon-chevron-left\"><\/i>\t\t\t\t\t<\/div>\n\t\t\t\t\t<div class=\"elementor-swiper-button elementor-swiper-button-next\" role=\"button\" tabindex=\"0\">\n\t\t\t\t\t\t<i aria-hidden=\"true\" class=\"eicon-chevron-right\"><\/i>\t\t\t\t\t<\/div>\n\t\t\t\t\n\t\t\t\t\t\t\t\t\t<div class=\"swiper-pagination\"><\/div>\n\t\t\t\t\t\t\t\t\t<\/div>\n\t\t\t\t\t\t<\/div>\n\t\t\t\t<\/div>\n\t\t\t\t<div class=\"elementor-element elementor-element-1f53da1 elementor-align-center elementor-widget elementor-widget-button\" data-id=\"1f53da1\" data-element_type=\"widget\" data-widget_type=\"button.default\">\n\t\t\t\t<div class=\"elementor-widget-container\">\n\t\t\t\t\t\t\t\t\t<div class=\"elementor-button-wrapper\">\n\t\t\t\t\t<a class=\"elementor-button elementor-button-link elementor-size-md\" href=\"https:\/\/www.kunstloft.ch\/sommer\/\" target=\"_blank\">\n\t\t\t\t\t\t<span class=\"elementor-button-content-wrapper\">\n\t\t\t\t\t\t\t\t\t<span class=\"elementor-button-text\">KUNSTLOFT SHOP BESUCHEN<\/span>\n\t\t\t\t\t<\/span>\n\t\t\t\t\t<\/a>\n\t\t\t\t<\/div>\n\t\t\t\t\t\t\t\t<\/div>\n\t\t\t\t<\/div>\n\t\t\t\t\t<\/div>\n\t\t<\/div>\n\t\t\t\t\t<\/div>\n\t\t<\/section>\n\t\t\t\t<section class=\"elementor-section elementor-top-section elementor-element elementor-element-8285232 elementor-section-boxed elementor-section-height-default elementor-section-height-default\" data-id=\"8285232\" data-element_type=\"section\">\n\t\t\t\t\t\t<div class=\"elementor-container elementor-column-gap-default\">\n\t\t\t\t\t<div class=\"elementor-column elementor-col-100 elementor-top-column elementor-element elementor-element-50c12bc\" data-id=\"50c12bc\" data-element_type=\"column\">\n\t\t\t<div class=\"elementor-widget-wrap elementor-element-populated\">\n\t\t\t\t\t\t<div class=\"elementor-element elementor-element-5000a63 elementor-widget elementor-widget-heading\" data-id=\"5000a63\" data-element_type=\"widget\" id=\"Fragen\" data-widget_type=\"heading.default\">\n\t\t\t\t<div class=\"elementor-widget-container\">\n\t\t\t\t\t<h2 class=\"elementor-heading-title elementor-size-default\">H\u00e4ufig gestellte Fragen<\/h2>\t\t\t\t<\/div>\n\t\t\t\t<\/div>\n\t\t\t\t<div class=\"elementor-element elementor-element-b13374f elementor-widget elementor-widget-toggle\" data-id=\"b13374f\" data-element_type=\"widget\" data-widget_type=\"toggle.default\">\n\t\t\t\t<div class=\"elementor-widget-container\">\n\t\t\t\t\t\t\t<div class=\"elementor-toggle\">\n\t\t\t\t\t\t\t<div class=\"elementor-toggle-item\">\n\t\t\t\t\t<div id=\"elementor-tab-title-1851\" class=\"elementor-tab-title\" data-tab=\"1\" role=\"button\" aria-controls=\"elementor-tab-content-1851\" aria-expanded=\"false\">\n\t\t\t\t\t\t\t\t\t\t\t\t<span class=\"elementor-toggle-icon elementor-toggle-icon-left\" aria-hidden=\"true\">\n\t\t\t\t\t\t\t\t\t\t\t\t\t\t\t<span class=\"elementor-toggle-icon-closed\"><i class=\"fas fa-caret-right\"><\/i><\/span>\n\t\t\t\t\t\t\t\t<span class=\"elementor-toggle-icon-opened\"><i class=\"elementor-toggle-icon-opened fas fa-caret-up\"><\/i><\/span>\n\t\t\t\t\t\t\t\t\t\t\t\t\t<\/span>\n\t\t\t\t\t\t\t\t\t\t\t\t<a class=\"elementor-toggle-title\" tabindex=\"0\">Wie kann ich einen minimalistischen Look beibehalten und gleichzeitig sommerliche Dekoration hinzuf\u00fcgen?<\/a>\n\t\t\t\t\t<\/div>\n\n\t\t\t\t\t<div id=\"elementor-tab-content-1851\" class=\"elementor-tab-content elementor-clearfix\" data-tab=\"1\" role=\"region\" aria-labelledby=\"elementor-tab-title-1851\"><p><span style=\"font-weight: 400;\">Konzentrieren Sie sich auf einige wenige Schl\u00fcsselst\u00fccke, die das Sommergef\u00fchl verk\u00f6rpern, wie helle Kissen oder eine einfache Vase mit frischen Blumen. Halten Sie die Dekoration einfach und vermeiden Sie Unordnung, um eine saubere, minimalistische \u00c4sthetik zu erhalten.<\/span><\/p><\/div>\n\t\t\t\t<\/div>\n\t\t\t\t\t\t\t<div class=\"elementor-toggle-item\">\n\t\t\t\t\t<div id=\"elementor-tab-title-1852\" class=\"elementor-tab-title\" data-tab=\"2\" role=\"button\" aria-controls=\"elementor-tab-content-1852\" aria-expanded=\"false\">\n\t\t\t\t\t\t\t\t\t\t\t\t<span class=\"elementor-toggle-icon elementor-toggle-icon-left\" aria-hidden=\"true\">\n\t\t\t\t\t\t\t\t\t\t\t\t\t\t\t<span class=\"elementor-toggle-icon-closed\"><i class=\"fas fa-caret-right\"><\/i><\/span>\n\t\t\t\t\t\t\t\t<span class=\"elementor-toggle-icon-opened\"><i class=\"elementor-toggle-icon-opened fas fa-caret-up\"><\/i><\/span>\n\t\t\t\t\t\t\t\t\t\t\t\t\t<\/span>\n\t\t\t\t\t\t\t\t\t\t\t\t<a class=\"elementor-toggle-title\" tabindex=\"0\">Welche einfachen DIY-Projekte gibt es f\u00fcr eine minimalistische Sommerdekoration?<\/a>\n\t\t\t\t\t<\/div>\n\n\t\t\t\t\t<div id=\"elementor-tab-content-1852\" class=\"elementor-tab-content elementor-clearfix\" data-tab=\"2\" role=\"region\" aria-labelledby=\"elementor-tab-title-1852\"><p><span style=\"font-weight: 400;\">Gestalten Sie Ihre eigene minimalistische Kunst, indem Sie abstrakte Muster in hellen, sommerlichen Farben malen. Sie k\u00f6nnen auch einfache h\u00e4ngende Pflanzgef\u00e4\u00dfe aus nat\u00fcrlichen Materialien wie Seilen und kleinen T\u00f6pfen basteln, um etwas Gr\u00fcn ins Haus zu bringen.<\/span><\/p><\/div>\n\t\t\t\t<\/div>\n\t\t\t\t\t\t\t<div class=\"elementor-toggle-item\">\n\t\t\t\t\t<div id=\"elementor-tab-title-1853\" class=\"elementor-tab-title\" data-tab=\"3\" role=\"button\" aria-controls=\"elementor-tab-content-1853\" aria-expanded=\"false\">\n\t\t\t\t\t\t\t\t\t\t\t\t<span class=\"elementor-toggle-icon elementor-toggle-icon-left\" aria-hidden=\"true\">\n\t\t\t\t\t\t\t\t\t\t\t\t\t\t\t<span class=\"elementor-toggle-icon-closed\"><i class=\"fas fa-caret-right\"><\/i><\/span>\n\t\t\t\t\t\t\t\t<span class=\"elementor-toggle-icon-opened\"><i class=\"elementor-toggle-icon-opened fas fa-caret-up\"><\/i><\/span>\n\t\t\t\t\t\t\t\t\t\t\t\t\t<\/span>\n\t\t\t\t\t\t\t\t\t\t\t\t<a class=\"elementor-toggle-title\" tabindex=\"0\">Wie w\u00e4hle ich minimalistische Sommerdekoration als Erg\u00e4nzung zu meinen vorhandenen M\u00f6beln?<\/a>\n\t\t\t\t\t<\/div>\n\n\t\t\t\t\t<div id=\"elementor-tab-content-1853\" class=\"elementor-tab-content elementor-clearfix\" data-tab=\"3\" role=\"region\" aria-labelledby=\"elementor-tab-title-1853\"><p><span style=\"font-weight: 400;\">W\u00e4hlen Sie Dekorationsgegenst\u00e4nde in neutralen oder pastellfarbenen T\u00f6nen, die zu Ihrem aktuellen Farbschema passen. Suchen Sie nach St\u00fccken mit klaren Linien und einfachen Designs, damit sie sich nahtlos in Ihre vorhandenen M\u00f6bel einf\u00fcgen.<\/span><\/p><\/div>\n\t\t\t\t<\/div>\n\t\t\t\t\t\t\t\t<\/div>\n\t\t\t\t\t\t<\/div>\n\t\t\t\t<\/div>\n\t\t\t\t\t<\/div>\n\t\t<\/div>\n\t\t\t\t\t<\/div>\n\t\t<\/section>\n\t\t\t\t<section class=\"elementor-section elementor-top-section elementor-element elementor-element-4e2553a elementor-section-boxed elementor-section-height-default elementor-section-height-default\" data-id=\"4e2553a\" data-element_type=\"section\">\n\t\t\t\t\t\t<div class=\"elementor-container elementor-column-gap-default\">\n\t\t\t\t\t<div class=\"elementor-column elementor-col-100 elementor-top-column elementor-element elementor-element-74a10fa\" data-id=\"74a10fa\" data-element_type=\"column\">\n\t\t\t<div class=\"elementor-widget-wrap elementor-element-populated\">\n\t\t\t\t\t\t<div class=\"elementor-element elementor-element-6908cd5 elementor-widget elementor-widget-spacer\" data-id=\"6908cd5\" data-element_type=\"widget\" data-widget_type=\"spacer.default\">\n\t\t\t\t<div class=\"elementor-widget-container\">\n\t\t\t\t\t\t\t<div class=\"elementor-spacer\">\n\t\t\t<div class=\"elementor-spacer-inner\"><\/div>\n\t\t<\/div>\n\t\t\t\t\t\t<\/div>\n\t\t\t\t<\/div>\n\t\t\t\t\t<\/div>\n\t\t<\/div>\n\t\t\t\t\t<\/div>\n\t\t<\/section>\n\t\t\t\t<section class=\"elementor-section elementor-top-section elementor-element elementor-element-37110ab elementor-section-boxed elementor-section-height-default elementor-section-height-default\" data-id=\"37110ab\" data-element_type=\"section\">\n\t\t\t\t\t\t<div class=\"elementor-container elementor-column-gap-default\">\n\t\t\t\t\t<div class=\"elementor-column elementor-col-100 elementor-top-column elementor-element elementor-element-7201a37\" data-id=\"7201a37\" data-element_type=\"column\">\n\t\t\t<div class=\"elementor-widget-wrap elementor-element-populated\">\n\t\t\t\t\t\t<div class=\"elementor-element elementor-element-d747fd0 elementor-widget elementor-widget-heading\" data-id=\"d747fd0\" data-element_type=\"widget\" data-widget_type=\"heading.default\">\n\t\t\t\t<div class=\"elementor-widget-container\">\n\t\t\t\t\t<h3 class=\"elementor-heading-title elementor-size-medium\">Verwandte Artikel von Minimalistische Sommer Kunst Dekorationen<\/h3>\t\t\t\t<\/div>\n\t\t\t\t<\/div>\n\t\t\t\t<div class=\"elementor-element elementor-element-5932191 elementor-widget elementor-widget-text-editor\" data-id=\"5932191\" data-element_type=\"widget\" data-widget_type=\"text-editor.default\">\n\t\t\t\t<div class=\"elementor-widget-container\">\n\t\t\t\t\t\t\t\t\t<ul><li style=\"font-weight: 400;\" aria-level=\"1\"><a href=\"https:\/\/www.kunstloft.ch\/magazin\/sommerdeko-ideen\/\" target=\"_blank\" rel=\"noopener\"><span style=\"font-weight: 400;\">Sommerdeko-Ideen f\u00fcr ein kunstvolles Zuhause<\/span><\/a><\/li><li style=\"font-weight: 400;\" aria-level=\"1\"><a href=\"https:\/\/www.kunstloft.ch\/magazin\/7-zeitlose-sommer-farbpaletten\/\" target=\"_blank\" rel=\"noopener\"><span style=\"font-weight: 400;\">7 zeitlose Sommer-Farbpaletten, die man ausprobieren muss<\/span><\/a><\/li><li style=\"font-weight: 400;\" aria-level=\"1\"><a href=\"https:\/\/www.kunstloft.ch\/magazin\/minimalismus-erleben-weniger-ist-mehr\/\" target=\"_blank\" rel=\"noopener\"><span style=\"font-weight: 400;\">Minimalismus erleben: Weniger ist mehr<\/span><\/a><\/li><\/ul>\t\t\t\t\t\t\t\t<\/div>\n\t\t\t\t<\/div>\n\t\t\t\t\t<\/div>\n\t\t<\/div>\n\t\t\t\t\t<\/div>\n\t\t<\/section>\n\t\t\t\t<section class=\"elementor-section elementor-top-section elementor-element elementor-element-9ad32f9 elementor-section-boxed elementor-section-height-default elementor-section-height-default\" data-id=\"9ad32f9\" data-element_type=\"section\">\n\t\t\t\t\t\t<div class=\"elementor-container elementor-column-gap-default\">\n\t\t\t\t\t<div class=\"elementor-column elementor-col-100 elementor-top-column elementor-element elementor-element-c7064d0\" data-id=\"c7064d0\" data-element_type=\"column\">\n\t\t\t<div class=\"elementor-widget-wrap elementor-element-populated\">\n\t\t\t\t\t\t<div class=\"elementor-element elementor-element-e008ab7 elementor-widget elementor-widget-spacer\" data-id=\"e008ab7\" data-element_type=\"widget\" data-widget_type=\"spacer.default\">\n\t\t\t\t<div class=\"elementor-widget-container\">\n\t\t\t\t\t\t\t<div class=\"elementor-spacer\">\n\t\t\t<div class=\"elementor-spacer-inner\"><\/div>\n\t\t<\/div>\n\t\t\t\t\t\t<\/div>\n\t\t\t\t<\/div>\n\t\t\t\t\t<\/div>\n\t\t<\/div>\n\t\t\t\t\t<\/div>\n\t\t<\/section>\n\t\t\t\t<section class=\"elementor-section elementor-top-section elementor-element elementor-element-9ea091b elementor-section-boxed elementor-section-height-default elementor-section-height-default\" data-id=\"9ea091b\" data-element_type=\"section\">\n\t\t\t\t\t\t<div class=\"elementor-container elementor-column-gap-default\">\n\t\t\t\t\t<div class=\"elementor-column elementor-col-100 elementor-top-column elementor-element elementor-element-534e4b2\" data-id=\"534e4b2\" data-element_type=\"column\">\n\t\t\t<div class=\"elementor-widget-wrap elementor-element-populated\">\n\t\t\t\t\t\t<div class=\"elementor-element elementor-element-48c15bb elementor-widget elementor-widget-shortcode\" data-id=\"48c15bb\" data-element_type=\"widget\" data-widget_type=\"shortcode.default\">\n\t\t\t\t<div class=\"elementor-widget-container\">\n\t\t\t\t\t\t\t<div class=\"elementor-shortcode\"><div style='display:none;' class='shareaholic-canvas' data-app='follow_buttons' data-title='Frischer Wind im Haus: Minimalistische Dekorationsideen f\u00fcr den Sommer' data-link='https:\/\/www.kunstloft.ch\/magazin\/minimalistische-dekorationsideen-fuer-den-sommer\/' data-summary='Der Sommer ist die perfekte Zeit, um Ihr Zuhause mit einem neuen Look zu erfrischen, und es gibt keinen besseren Weg, dies zu tun als mit einer minimalistischen Einrichtung. Minimalistisches Sommerdekor f\u00e4ngt die Essenz der Jahreszeit ein - leicht, luftig und \u00fcbersichtlich. Dieser Stil verbessert nicht nur die \u00c4sthetik Ihres Hauses, sondern schafft auch eine ruhige und entspannende Umgebung. Lassen Sie uns die Vorteile und Ideen f\u00fcr die Umgestaltung Ihres Raums mit minimalistischem' data-app-id='28699023'><\/div>\n<\/div>\n\t\t\t\t\t\t<\/div>\n\t\t\t\t<\/div>\n\t\t\t\t\t<\/div>\n\t\t<\/div>\n\t\t\t\t\t<\/div>\n\t\t<\/section>\n\t\t\t\t<section class=\"elementor-section elementor-top-section elementor-element elementor-element-2645b1b elementor-section-boxed elementor-section-height-default elementor-section-height-default\" data-id=\"2645b1b\" data-element_type=\"section\">\n\t\t\t\t\t\t<div class=\"elementor-container elementor-column-gap-default\">\n\t\t\t\t\t<div class=\"elementor-column elementor-col-100 elementor-top-column elementor-element elementor-element-f91ace5\" data-id=\"f91ace5\" data-element_type=\"column\">\n\t\t\t<div class=\"elementor-widget-wrap elementor-element-populated\">\n\t\t\t\t\t\t<div class=\"elementor-element elementor-element-6b8d4b6 elementor-widget elementor-widget-spacer\" data-id=\"6b8d4b6\" data-element_type=\"widget\" data-widget_type=\"spacer.default\">\n\t\t\t\t<div class=\"elementor-widget-container\">\n\t\t\t\t\t\t\t<div class=\"elementor-spacer\">\n\t\t\t<div class=\"elementor-spacer-inner\"><\/div>\n\t\t<\/div>\n\t\t\t\t\t\t<\/div>\n\t\t\t\t<\/div>\n\t\t\t\t\t<\/div>\n\t\t<\/div>\n\t\t\t\t\t<\/div>\n\t\t<\/section>\n\t\t\t\t<section class=\"elementor-section elementor-top-section elementor-element elementor-element-1d3d2ba elementor-section-boxed elementor-section-height-default elementor-section-height-default\" data-id=\"1d3d2ba\" data-element_type=\"section\">\n\t\t\t\t\t\t<div class=\"elementor-container elementor-column-gap-default\">\n\t\t\t\t\t<div class=\"elementor-column elementor-col-100 elementor-top-column elementor-element elementor-element-226dd1f\" data-id=\"226dd1f\" data-element_type=\"column\" data-settings=\"{&quot;background_background&quot;:&quot;gradient&quot;}\">\n\t\t\t<div class=\"elementor-widget-wrap elementor-element-populated\">\n\t\t\t\t\t\t<div class=\"elementor-element elementor-element-0576fc0 elementor-widget elementor-widget-text-editor\" data-id=\"0576fc0\" data-element_type=\"widget\" data-widget_type=\"text-editor.default\">\n\t\t\t\t<div class=\"elementor-widget-container\">\n\t\t\t\t\t\t\t\t\t<p><strong>Bildnachweis:<\/strong> @KunstLoft @Lisa Anna &#8211; Pexels.com @Gerson Lozano &#8211; Pexels.com @Yan Krukau &#8211; Pexels.com @ Bilal Mansuri &#8211; Pexels.com @Gabriella Ally &#8211; Pexels.com @Andreea Ch &#8211; Pexels.com @Curtis Adams &#8211; Pexels.com<\/p>\t\t\t\t\t\t\t\t<\/div>\n\t\t\t\t<\/div>\n\t\t\t\t\t<\/div>\n\t\t<\/div>\n\t\t\t\t\t<\/div>\n\t\t<\/section>\n\t\t\t\t<\/div>\n\t\t","protected":false},"excerpt":{"rendered":"<p>Der Sommer ist die perfekte Zeit, um Ihr Zuhause mit einem neuen Look zu erfrischen, und es gibt keinen besseren Weg, dies zu tun als mit einer minimalistischen Einrichtung. Minimalistisches Sommerdekor f\u00e4ngt die Essenz der Jahreszeit ein &#8211; leicht, luftig und \u00fcbersichtlich. Dieser Stil verbessert nicht nur die \u00c4sthetik Ihres Hauses, sondern schafft auch eine ruhige und entspannende Umgebung. Lassen Sie uns die Vorteile und Ideen f\u00fcr die Umgestaltung Ihres Raums mit minimalistischem Sommerdekor erkunden.<\/p>\n","protected":false},"author":11,"featured_media":46626,"comment_status":"open","ping_status":"open","sticky":false,"template":"","format":"standard","meta":{"footnotes":""},"categories":[3],"tags":[],"class_list":["post-46495","post","type-post","status-publish","format-standard","has-post-thumbnail","hentry","category-dekorieren-und-einrichten"],"yoast_head":"<!-- This site is optimized with the Yoast SEO plugin v26.2 - https:\/\/yoast.com\/wordpress\/plugins\/seo\/ -->\n<title>Minimalistische Dekorationsideen f\u00fcr den Sommer<\/title>\n<meta name=\"description\" content=\"Entdecken Sie die minimalistischen Sommerdekorationsideen von KuntLoft f\u00fcr Ihr Zuhause mit unseren Tipps f\u00fcr fr\u00f6hliche Sommerfrische.\" \/>\n<meta name=\"robots\" content=\"index, follow, max-snippet:-1, max-image-preview:large, max-video-preview:-1\" \/>\n<link rel=\"canonical\" href=\"https:\/\/www.kunstloft.ch\/magazin\/minimalistische-dekorationsideen-fuer-den-sommer\/\" \/>\n<meta property=\"og:locale\" content=\"de_DE\" \/>\n<meta property=\"og:type\" content=\"article\" \/>\n<meta property=\"og:title\" content=\"Minimalistische Dekorationsideen f\u00fcr den Sommer\" \/>\n<meta property=\"og:description\" content=\"Entdecken Sie die minimalistischen Sommerdekorationsideen von KuntLoft f\u00fcr Ihr Zuhause mit unseren Tipps f\u00fcr fr\u00f6hliche Sommerfrische.\" \/>\n<meta property=\"og:url\" content=\"https:\/\/www.kunstloft.ch\/magazin\/minimalistische-dekorationsideen-fuer-den-sommer\/\" \/>\n<meta property=\"og:site_name\" content=\"KUNSTLOFT\" \/>\n<meta property=\"article:publisher\" content=\"https:\/\/de-de.facebook.com\/kunstloft\/\" \/>\n<meta property=\"article:published_time\" content=\"2024-08-23T12:02:00+00:00\" \/>\n<meta property=\"article:modified_time\" content=\"2025-09-01T12:55:42+00:00\" \/>\n<meta property=\"og:image\" content=\"https:\/\/www.kunstloft.ch\/magazin\/wp-content\/uploads\/2024\/09\/Minimalistische-Dekorationsideen-fuer-den-Sommer.webp\" \/>\n\t<meta property=\"og:image:width\" content=\"1918\" \/>\n\t<meta property=\"og:image:height\" content=\"1114\" \/>\n\t<meta property=\"og:image:type\" content=\"image\/webp\" \/>\n<meta name=\"author\" content=\"Coleen\" \/>\n<meta name=\"twitter:card\" content=\"summary_large_image\" \/>\n<meta name=\"twitter:label1\" content=\"Geschrieben von\" \/>\n\t<meta name=\"twitter:data1\" content=\"Coleen\" \/>\n\t<meta name=\"twitter:label2\" content=\"Gesch\u00e4tzte Lesezeit\" \/>\n\t<meta name=\"twitter:data2\" content=\"16\u00a0Minuten\" \/>\n<script type=\"application\/ld+json\" class=\"yoast-schema-graph\">{\"@context\":\"https:\/\/schema.org\",\"@graph\":[{\"@type\":\"Article\",\"@id\":\"https:\/\/www.kunstloft.ch\/magazin\/minimalistische-dekorationsideen-fuer-den-sommer\/#article\",\"isPartOf\":{\"@id\":\"https:\/\/www.kunstloft.ch\/magazin\/minimalistische-dekorationsideen-fuer-den-sommer\/\"},\"author\":{\"name\":\"Coleen\",\"@id\":\"https:\/\/www.kunstloft.ch\/magazin\/#\/schema\/person\/5575af7f8f254a3d81e79c96df009ad4\"},\"headline\":\"Frischer Wind im Haus: Minimalistische Dekorationsideen f\u00fcr den Sommer\",\"datePublished\":\"2024-08-23T12:02:00+00:00\",\"dateModified\":\"2025-09-01T12:55:42+00:00\",\"mainEntityOfPage\":{\"@id\":\"https:\/\/www.kunstloft.ch\/magazin\/minimalistische-dekorationsideen-fuer-den-sommer\/\"},\"wordCount\":1407,\"commentCount\":0,\"publisher\":{\"@id\":\"https:\/\/www.kunstloft.ch\/magazin\/#organization\"},\"image\":{\"@id\":\"https:\/\/www.kunstloft.ch\/magazin\/minimalistische-dekorationsideen-fuer-den-sommer\/#primaryimage\"},\"thumbnailUrl\":\"https:\/\/www.kunstloft.ch\/magazin\/wp-content\/uploads\/2024\/09\/Minimalistische-Dekorationsideen-fuer-den-Sommer.webp\",\"articleSection\":[\"Dekorieren &amp; Einrichten\"],\"inLanguage\":\"de-CH\",\"potentialAction\":[{\"@type\":\"CommentAction\",\"name\":\"Comment\",\"target\":[\"https:\/\/www.kunstloft.ch\/magazin\/minimalistische-dekorationsideen-fuer-den-sommer\/#respond\"]}]},{\"@type\":\"WebPage\",\"@id\":\"https:\/\/www.kunstloft.ch\/magazin\/minimalistische-dekorationsideen-fuer-den-sommer\/\",\"url\":\"https:\/\/www.kunstloft.ch\/magazin\/minimalistische-dekorationsideen-fuer-den-sommer\/\",\"name\":\"Minimalistische Dekorationsideen f\u00fcr den Sommer\",\"isPartOf\":{\"@id\":\"https:\/\/www.kunstloft.ch\/magazin\/#website\"},\"primaryImageOfPage\":{\"@id\":\"https:\/\/www.kunstloft.ch\/magazin\/minimalistische-dekorationsideen-fuer-den-sommer\/#primaryimage\"},\"image\":{\"@id\":\"https:\/\/www.kunstloft.ch\/magazin\/minimalistische-dekorationsideen-fuer-den-sommer\/#primaryimage\"},\"thumbnailUrl\":\"https:\/\/www.kunstloft.ch\/magazin\/wp-content\/uploads\/2024\/09\/Minimalistische-Dekorationsideen-fuer-den-Sommer.webp\",\"datePublished\":\"2024-08-23T12:02:00+00:00\",\"dateModified\":\"2025-09-01T12:55:42+00:00\",\"description\":\"Entdecken Sie die minimalistischen Sommerdekorationsideen von KuntLoft f\u00fcr Ihr Zuhause mit unseren Tipps f\u00fcr fr\u00f6hliche Sommerfrische.\",\"breadcrumb\":{\"@id\":\"https:\/\/www.kunstloft.ch\/magazin\/minimalistische-dekorationsideen-fuer-den-sommer\/#breadcrumb\"},\"inLanguage\":\"de-CH\",\"potentialAction\":[{\"@type\":\"ReadAction\",\"target\":[\"https:\/\/www.kunstloft.ch\/magazin\/minimalistische-dekorationsideen-fuer-den-sommer\/\"]}]},{\"@type\":\"ImageObject\",\"inLanguage\":\"de-CH\",\"@id\":\"https:\/\/www.kunstloft.ch\/magazin\/minimalistische-dekorationsideen-fuer-den-sommer\/#primaryimage\",\"url\":\"https:\/\/www.kunstloft.ch\/magazin\/wp-content\/uploads\/2024\/09\/Minimalistische-Dekorationsideen-fuer-den-Sommer.webp\",\"contentUrl\":\"https:\/\/www.kunstloft.ch\/magazin\/wp-content\/uploads\/2024\/09\/Minimalistische-Dekorationsideen-fuer-den-Sommer.webp\",\"width\":1918,\"height\":1114,\"caption\":\"Minimalistische Dekorationsideen f\u00fcr den Sommer\"},{\"@type\":\"BreadcrumbList\",\"@id\":\"https:\/\/www.kunstloft.ch\/magazin\/minimalistische-dekorationsideen-fuer-den-sommer\/#breadcrumb\",\"itemListElement\":[{\"@type\":\"ListItem\",\"position\":1,\"name\":\"Startseite\",\"item\":\"https:\/\/www.kunstloft.ch\/magazin\/\"},{\"@type\":\"ListItem\",\"position\":2,\"name\":\"Frischer Wind im Haus: Minimalistische Dekorationsideen f\u00fcr den Sommer\"}]},{\"@type\":\"WebSite\",\"@id\":\"https:\/\/www.kunstloft.ch\/magazin\/#website\",\"url\":\"https:\/\/www.kunstloft.ch\/magazin\/\",\"name\":\"KUNSTLOFT\",\"description\":\"Magazin\",\"publisher\":{\"@id\":\"https:\/\/www.kunstloft.ch\/magazin\/#organization\"},\"potentialAction\":[{\"@type\":\"SearchAction\",\"target\":{\"@type\":\"EntryPoint\",\"urlTemplate\":\"https:\/\/www.kunstloft.ch\/magazin\/?s={search_term_string}\"},\"query-input\":{\"@type\":\"PropertyValueSpecification\",\"valueRequired\":true,\"valueName\":\"search_term_string\"}}],\"inLanguage\":\"de-CH\"},{\"@type\":\"Organization\",\"@id\":\"https:\/\/www.kunstloft.ch\/magazin\/#organization\",\"name\":\"KUNSTLOFT\",\"url\":\"https:\/\/www.kunstloft.ch\/magazin\/\",\"logo\":{\"@type\":\"ImageObject\",\"inLanguage\":\"de-CH\",\"@id\":\"https:\/\/www.kunstloft.ch\/magazin\/#\/schema\/logo\/image\/\",\"url\":\"https:\/\/www.kunstloft.ch\/magazin\/wp-content\/uploads\/2022\/08\/Logo-Kunstloft-512x512-1.png\",\"contentUrl\":\"https:\/\/www.kunstloft.ch\/magazin\/wp-content\/uploads\/2022\/08\/Logo-Kunstloft-512x512-1.png\",\"width\":512,\"height\":512,\"caption\":\"KUNSTLOFT\"},\"image\":{\"@id\":\"https:\/\/www.kunstloft.ch\/magazin\/#\/schema\/logo\/image\/\"},\"sameAs\":[\"https:\/\/de-de.facebook.com\/kunstloft\/\",\"https:\/\/www.instagram.com\/kunstloft\/?hl=de\"]},{\"@type\":\"Person\",\"@id\":\"https:\/\/www.kunstloft.ch\/magazin\/#\/schema\/person\/5575af7f8f254a3d81e79c96df009ad4\",\"name\":\"Coleen\",\"image\":{\"@type\":\"ImageObject\",\"inLanguage\":\"de-CH\",\"@id\":\"https:\/\/www.kunstloft.ch\/magazin\/#\/schema\/person\/image\/\",\"url\":\"https:\/\/secure.gravatar.com\/avatar\/c6bb574d79a867e6bbd16c59a1422a9f7e62d389b3847dbc78a68fdedbe6feaf?s=96&d=mm&r=g\",\"contentUrl\":\"https:\/\/secure.gravatar.com\/avatar\/c6bb574d79a867e6bbd16c59a1422a9f7e62d389b3847dbc78a68fdedbe6feaf?s=96&d=mm&r=g\",\"caption\":\"Coleen\"},\"url\":\"https:\/\/www.kunstloft.ch\/magazin\/author\/coleens\/\"}]}<\/script>\n<!-- \/ Yoast SEO plugin. -->","yoast_head_json":{"title":"Minimalistische Dekorationsideen f\u00fcr den Sommer","description":"Entdecken Sie die minimalistischen Sommerdekorationsideen von KuntLoft f\u00fcr Ihr Zuhause mit unseren Tipps f\u00fcr fr\u00f6hliche Sommerfrische.","robots":{"index":"index","follow":"follow","max-snippet":"max-snippet:-1","max-image-preview":"max-image-preview:large","max-video-preview":"max-video-preview:-1"},"canonical":"https:\/\/www.kunstloft.ch\/magazin\/minimalistische-dekorationsideen-fuer-den-sommer\/","og_locale":"de_DE","og_type":"article","og_title":"Minimalistische Dekorationsideen f\u00fcr den Sommer","og_description":"Entdecken Sie die minimalistischen Sommerdekorationsideen von KuntLoft f\u00fcr Ihr Zuhause mit unseren Tipps f\u00fcr fr\u00f6hliche Sommerfrische.","og_url":"https:\/\/www.kunstloft.ch\/magazin\/minimalistische-dekorationsideen-fuer-den-sommer\/","og_site_name":"KUNSTLOFT","article_publisher":"https:\/\/de-de.facebook.com\/kunstloft\/","article_published_time":"2024-08-23T12:02:00+00:00","article_modified_time":"2025-09-01T12:55:42+00:00","og_image":[{"width":1918,"height":1114,"url":"https:\/\/www.kunstloft.ch\/magazin\/wp-content\/uploads\/2024\/09\/Minimalistische-Dekorationsideen-fuer-den-Sommer.webp","type":"image\/webp"}],"author":"Coleen","twitter_card":"summary_large_image","twitter_misc":{"Geschrieben von":"Coleen","Gesch\u00e4tzte Lesezeit":"16\u00a0Minuten"},"schema":{"@context":"https:\/\/schema.org","@graph":[{"@type":"Article","@id":"https:\/\/www.kunstloft.ch\/magazin\/minimalistische-dekorationsideen-fuer-den-sommer\/#article","isPartOf":{"@id":"https:\/\/www.kunstloft.ch\/magazin\/minimalistische-dekorationsideen-fuer-den-sommer\/"},"author":{"name":"Coleen","@id":"https:\/\/www.kunstloft.ch\/magazin\/#\/schema\/person\/5575af7f8f254a3d81e79c96df009ad4"},"headline":"Frischer Wind im Haus: Minimalistische Dekorationsideen f\u00fcr den Sommer","datePublished":"2024-08-23T12:02:00+00:00","dateModified":"2025-09-01T12:55:42+00:00","mainEntityOfPage":{"@id":"https:\/\/www.kunstloft.ch\/magazin\/minimalistische-dekorationsideen-fuer-den-sommer\/"},"wordCount":1407,"commentCount":0,"publisher":{"@id":"https:\/\/www.kunstloft.ch\/magazin\/#organization"},"image":{"@id":"https:\/\/www.kunstloft.ch\/magazin\/minimalistische-dekorationsideen-fuer-den-sommer\/#primaryimage"},"thumbnailUrl":"https:\/\/www.kunstloft.ch\/magazin\/wp-content\/uploads\/2024\/09\/Minimalistische-Dekorationsideen-fuer-den-Sommer.webp","articleSection":["Dekorieren &amp; Einrichten"],"inLanguage":"de-CH","potentialAction":[{"@type":"CommentAction","name":"Comment","target":["https:\/\/www.kunstloft.ch\/magazin\/minimalistische-dekorationsideen-fuer-den-sommer\/#respond"]}]},{"@type":"WebPage","@id":"https:\/\/www.kunstloft.ch\/magazin\/minimalistische-dekorationsideen-fuer-den-sommer\/","url":"https:\/\/www.kunstloft.ch\/magazin\/minimalistische-dekorationsideen-fuer-den-sommer\/","name":"Minimalistische Dekorationsideen f\u00fcr den Sommer","isPartOf":{"@id":"https:\/\/www.kunstloft.ch\/magazin\/#website"},"primaryImageOfPage":{"@id":"https:\/\/www.kunstloft.ch\/magazin\/minimalistische-dekorationsideen-fuer-den-sommer\/#primaryimage"},"image":{"@id":"https:\/\/www.kunstloft.ch\/magazin\/minimalistische-dekorationsideen-fuer-den-sommer\/#primaryimage"},"thumbnailUrl":"https:\/\/www.kunstloft.ch\/magazin\/wp-content\/uploads\/2024\/09\/Minimalistische-Dekorationsideen-fuer-den-Sommer.webp","datePublished":"2024-08-23T12:02:00+00:00","dateModified":"2025-09-01T12:55:42+00:00","description":"Entdecken Sie die minimalistischen Sommerdekorationsideen von KuntLoft f\u00fcr Ihr Zuhause mit unseren Tipps f\u00fcr fr\u00f6hliche Sommerfrische.","breadcrumb":{"@id":"https:\/\/www.kunstloft.ch\/magazin\/minimalistische-dekorationsideen-fuer-den-sommer\/#breadcrumb"},"inLanguage":"de-CH","potentialAction":[{"@type":"ReadAction","target":["https:\/\/www.kunstloft.ch\/magazin\/minimalistische-dekorationsideen-fuer-den-sommer\/"]}]},{"@type":"ImageObject","inLanguage":"de-CH","@id":"https:\/\/www.kunstloft.ch\/magazin\/minimalistische-dekorationsideen-fuer-den-sommer\/#primaryimage","url":"https:\/\/www.kunstloft.ch\/magazin\/wp-content\/uploads\/2024\/09\/Minimalistische-Dekorationsideen-fuer-den-Sommer.webp","contentUrl":"https:\/\/www.kunstloft.ch\/magazin\/wp-content\/uploads\/2024\/09\/Minimalistische-Dekorationsideen-fuer-den-Sommer.webp","width":1918,"height":1114,"caption":"Minimalistische Dekorationsideen f\u00fcr den Sommer"},{"@type":"BreadcrumbList","@id":"https:\/\/www.kunstloft.ch\/magazin\/minimalistische-dekorationsideen-fuer-den-sommer\/#breadcrumb","itemListElement":[{"@type":"ListItem","position":1,"name":"Startseite","item":"https:\/\/www.kunstloft.ch\/magazin\/"},{"@type":"ListItem","position":2,"name":"Frischer Wind im Haus: Minimalistische Dekorationsideen f\u00fcr den Sommer"}]},{"@type":"WebSite","@id":"https:\/\/www.kunstloft.ch\/magazin\/#website","url":"https:\/\/www.kunstloft.ch\/magazin\/","name":"KUNSTLOFT","description":"Magazin","publisher":{"@id":"https:\/\/www.kunstloft.ch\/magazin\/#organization"},"potentialAction":[{"@type":"SearchAction","target":{"@type":"EntryPoint","urlTemplate":"https:\/\/www.kunstloft.ch\/magazin\/?s={search_term_string}"},"query-input":{"@type":"PropertyValueSpecification","valueRequired":true,"valueName":"search_term_string"}}],"inLanguage":"de-CH"},{"@type":"Organization","@id":"https:\/\/www.kunstloft.ch\/magazin\/#organization","name":"KUNSTLOFT","url":"https:\/\/www.kunstloft.ch\/magazin\/","logo":{"@type":"ImageObject","inLanguage":"de-CH","@id":"https:\/\/www.kunstloft.ch\/magazin\/#\/schema\/logo\/image\/","url":"https:\/\/www.kunstloft.ch\/magazin\/wp-content\/uploads\/2022\/08\/Logo-Kunstloft-512x512-1.png","contentUrl":"https:\/\/www.kunstloft.ch\/magazin\/wp-content\/uploads\/2022\/08\/Logo-Kunstloft-512x512-1.png","width":512,"height":512,"caption":"KUNSTLOFT"},"image":{"@id":"https:\/\/www.kunstloft.ch\/magazin\/#\/schema\/logo\/image\/"},"sameAs":["https:\/\/de-de.facebook.com\/kunstloft\/","https:\/\/www.instagram.com\/kunstloft\/?hl=de"]},{"@type":"Person","@id":"https:\/\/www.kunstloft.ch\/magazin\/#\/schema\/person\/5575af7f8f254a3d81e79c96df009ad4","name":"Coleen","image":{"@type":"ImageObject","inLanguage":"de-CH","@id":"https:\/\/www.kunstloft.ch\/magazin\/#\/schema\/person\/image\/","url":"https:\/\/secure.gravatar.com\/avatar\/c6bb574d79a867e6bbd16c59a1422a9f7e62d389b3847dbc78a68fdedbe6feaf?s=96&d=mm&r=g","contentUrl":"https:\/\/secure.gravatar.com\/avatar\/c6bb574d79a867e6bbd16c59a1422a9f7e62d389b3847dbc78a68fdedbe6feaf?s=96&d=mm&r=g","caption":"Coleen"},"url":"https:\/\/www.kunstloft.ch\/magazin\/author\/coleens\/"}]}},"_links":{"self":[{"href":"https:\/\/www.kunstloft.ch\/magazin\/wp-json\/wp\/v2\/posts\/46495","targetHints":{"allow":["GET"]}}],"collection":[{"href":"https:\/\/www.kunstloft.ch\/magazin\/wp-json\/wp\/v2\/posts"}],"about":[{"href":"https:\/\/www.kunstloft.ch\/magazin\/wp-json\/wp\/v2\/types\/post"}],"author":[{"embeddable":true,"href":"https:\/\/www.kunstloft.ch\/magazin\/wp-json\/wp\/v2\/users\/11"}],"replies":[{"embeddable":true,"href":"https:\/\/www.kunstloft.ch\/magazin\/wp-json\/wp\/v2\/comments?post=46495"}],"version-history":[{"count":5,"href":"https:\/\/www.kunstloft.ch\/magazin\/wp-json\/wp\/v2\/posts\/46495\/revisions"}],"predecessor-version":[{"id":46636,"href":"https:\/\/www.kunstloft.ch\/magazin\/wp-json\/wp\/v2\/posts\/46495\/revisions\/46636"}],"wp:featuredmedia":[{"embeddable":true,"href":"https:\/\/www.kunstloft.ch\/magazin\/wp-json\/wp\/v2\/media\/46626"}],"wp:attachment":[{"href":"https:\/\/www.kunstloft.ch\/magazin\/wp-json\/wp\/v2\/media?parent=46495"}],"wp:term":[{"taxonomy":"category","embeddable":true,"href":"https:\/\/www.kunstloft.ch\/magazin\/wp-json\/wp\/v2\/categories?post=46495"},{"taxonomy":"post_tag","embeddable":true,"href":"https:\/\/www.kunstloft.ch\/magazin\/wp-json\/wp\/v2\/tags?post=46495"}],"curies":[{"name":"wp","href":"https:\/\/api.w.org\/{rel}","templated":true}]}}