{"id":324,"date":"2022-12-23T14:23:05","date_gmt":"2022-12-23T13:23:05","guid":{"rendered":"https:\/\/www.kunstloft.ch\/magazin\/?p=324"},"modified":"2024-06-17T09:16:02","modified_gmt":"2024-06-17T07:16:02","slug":"bilder-wohnzimmer-ideen","status":"publish","type":"post","link":"https:\/\/www.kunstloft.ch\/magazin\/bilder-wohnzimmer-ideen\/","title":{"rendered":"Bilder f\u00fcrs Wohnzimmer: Ideen f\u00fcr eine moderne Wandgestaltung"},"content":{"rendered":"\t\t<div data-elementor-type=\"wp-post\" data-elementor-id=\"324\" class=\"elementor elementor-324\">\n\t\t\t\t\t\t<section class=\"elementor-section elementor-top-section elementor-element elementor-element-56856b4 elementor-section-boxed elementor-section-height-default elementor-section-height-default\" data-id=\"56856b4\" data-element_type=\"section\">\n\t\t\t\t\t\t<div class=\"elementor-container elementor-column-gap-default\">\n\t\t\t\t\t<div class=\"elementor-column elementor-col-50 elementor-top-column elementor-element elementor-element-413b972\" data-id=\"413b972\" data-element_type=\"column\">\n\t\t\t<div class=\"elementor-widget-wrap elementor-element-populated\">\n\t\t\t\t\t\t<div class=\"elementor-element elementor-element-6cef4ca elementor-widget elementor-widget-image\" data-id=\"6cef4ca\" data-element_type=\"widget\" data-widget_type=\"image.default\">\n\t\t\t\t<div class=\"elementor-widget-container\">\n\t\t\t\t\t\t\t\t\t\t\t\t\t\t\t<img fetchpriority=\"high\" decoding=\"async\" width=\"950\" height=\"633\" src=\"https:\/\/www.kunstloft.ch\/magazin\/wp-content\/uploads\/2022\/12\/wandgestaltung-modern-wohnzimmer-ideen.jpg\" class=\"attachment-large size-large wp-image-325\" alt=\"\" srcset=\"https:\/\/www.kunstloft.ch\/magazin\/wp-content\/uploads\/2022\/12\/wandgestaltung-modern-wohnzimmer-ideen.jpg 1000w, https:\/\/www.kunstloft.ch\/magazin\/wp-content\/uploads\/2022\/12\/wandgestaltung-modern-wohnzimmer-ideen-300x200.jpg 300w, https:\/\/www.kunstloft.ch\/magazin\/wp-content\/uploads\/2022\/12\/wandgestaltung-modern-wohnzimmer-ideen-768x511.jpg 768w, https:\/\/www.kunstloft.ch\/magazin\/wp-content\/uploads\/2022\/12\/wandgestaltung-modern-wohnzimmer-ideen-640x426.jpg 640w\" sizes=\"100vw\" \/>\t\t\t\t\t\t\t\t\t\t\t\t\t\t\t<\/div>\n\t\t\t\t<\/div>\n\t\t\t\t\t<\/div>\n\t\t<\/div>\n\t\t\t\t<div class=\"elementor-column elementor-col-50 elementor-top-column elementor-element elementor-element-a8f2e07\" data-id=\"a8f2e07\" data-element_type=\"column\">\n\t\t\t<div class=\"elementor-widget-wrap elementor-element-populated\">\n\t\t\t\t\t\t<div class=\"elementor-element elementor-element-6aec488 elementor-widget elementor-widget-heading\" data-id=\"6aec488\" data-element_type=\"widget\" data-widget_type=\"heading.default\">\n\t\t\t\t<div class=\"elementor-widget-container\">\n\t\t\t\t\t<h1 class=\"elementor-heading-title elementor-size-default\">Bilder f\u00fcrs Wohnzimmer: Ideen f\u00fcr eine moderne Wandgestaltung<\/h1>\t\t\t\t<\/div>\n\t\t\t\t<\/div>\n\t\t\t\t\t<\/div>\n\t\t<\/div>\n\t\t\t\t\t<\/div>\n\t\t<\/section>\n\t\t\t\t<section class=\"elementor-section elementor-top-section elementor-element elementor-element-cb36187 elementor-section-boxed elementor-section-height-default elementor-section-height-default\" data-id=\"cb36187\" data-element_type=\"section\">\n\t\t\t\t\t\t<div class=\"elementor-container elementor-column-gap-default\">\n\t\t\t\t\t<div class=\"elementor-column elementor-col-100 elementor-top-column elementor-element elementor-element-2d7ab06\" data-id=\"2d7ab06\" data-element_type=\"column\">\n\t\t\t<div class=\"elementor-widget-wrap elementor-element-populated\">\n\t\t\t\t\t\t<div class=\"elementor-element elementor-element-411cd7d elementor-widget elementor-widget-text-editor\" data-id=\"411cd7d\" data-element_type=\"widget\" data-widget_type=\"text-editor.default\">\n\t\t\t\t<div class=\"elementor-widget-container\">\n\t\t\t\t\t\t\t\t\t<p><span style=\"font-weight: bolder; color: #3f3c3a;\">Im Wohnzimmer verbringen Sie einen Hauptteil Ihrer Freizeit \u2013 zwischen Sofa und B\u00fccherregalen, Fernseher und Kaffeetisch sitzen Sie mit Ihren Freunden zusammen, entspannen in der Sonne oder genie\u00dfen ein Glas Wein. Umso wichtiger ist eine ansprechende Wandgestaltung Ihres Wohnzimmers. Wir geben Ihnen praktische Tipps und Ideen, welche Bilder Sie im Wohnzimmer aufh\u00e4ngen k\u00f6nnen, wo und wie Sie die Bilder platzieren und worauf es sich sonst noch zu achten lohnt.<\/span><\/p>\t\t\t\t\t\t\t\t<\/div>\n\t\t\t\t<\/div>\n\t\t\t\t\t<\/div>\n\t\t<\/div>\n\t\t\t\t\t<\/div>\n\t\t<\/section>\n\t\t\t\t<section class=\"elementor-section elementor-top-section elementor-element elementor-element-e8fc332 elementor-section-boxed elementor-section-height-default elementor-section-height-default\" data-id=\"e8fc332\" data-element_type=\"section\">\n\t\t\t\t\t\t<div class=\"elementor-container elementor-column-gap-default\">\n\t\t\t\t\t<div class=\"elementor-column elementor-col-100 elementor-top-column elementor-element elementor-element-1d16b16\" data-id=\"1d16b16\" data-element_type=\"column\">\n\t\t\t<div class=\"elementor-widget-wrap elementor-element-populated\">\n\t\t\t\t\t\t<div class=\"elementor-element elementor-element-ba95c7a elementor-widget elementor-widget-text-editor\" data-id=\"ba95c7a\" data-element_type=\"widget\" data-widget_type=\"text-editor.default\">\n\t\t\t\t<div class=\"elementor-widget-container\">\n\t\t\t\t\t\t\t\t\t<p style=\"color: #3f3c3a;\"><span style=\"font-weight: bolder;\">Inhaltsverzeichnis<\/span><\/p><ul style=\"color: #3f3c3a;\"><li><a href=\"#wandgestaltung-wohnzimmer\">So gelingt die Wandgestaltung im Wohnzimmer:<\/a><ul><li><a href=\"#aufhaengung\">Ideen und Tipps zur Aufh\u00e4ngung<\/a><\/li><\/ul><ul><li><a href=\"#farben-wohnzimmer\">Geeignete Farben f\u00fcr die Bilder im Wohnzimmer<\/a><\/li><\/ul><ul><li><a href=\"#motive-wohnzimmer\">Motiv-Ideen f\u00fcr moderne Bilder im Wohnzimmer<\/a><\/li><\/ul><\/li><li><a href=\"#wandbilder-wohnzimmer\">Worauf Sie bei Wandbildern im Wohnzimmer achten sollten<\/a><\/li><li><a href=\"#modern-kunstloft\">Nicht nur f\u00fcrs Wohnzimmer: Moderne Bilder und Ideen von KunstLoft<\/a><\/li><\/ul>\t\t\t\t\t\t\t\t<\/div>\n\t\t\t\t<\/div>\n\t\t\t\t\t<\/div>\n\t\t<\/div>\n\t\t\t\t\t<\/div>\n\t\t<\/section>\n\t\t\t\t<section class=\"elementor-section elementor-top-section elementor-element elementor-element-e5b3661 elementor-section-boxed elementor-section-height-default elementor-section-height-default\" data-id=\"e5b3661\" data-element_type=\"section\">\n\t\t\t\t\t\t<div class=\"elementor-container elementor-column-gap-default\">\n\t\t\t\t\t<div class=\"elementor-column elementor-col-100 elementor-top-column elementor-element elementor-element-2a6aaba\" data-id=\"2a6aaba\" data-element_type=\"column\">\n\t\t\t<div class=\"elementor-widget-wrap elementor-element-populated\">\n\t\t\t\t\t\t<div class=\"elementor-element elementor-element-ce70804 elementor-widget elementor-widget-heading\" data-id=\"ce70804\" data-element_type=\"widget\" id=\"wandgestaltung-wohnzimmer\" data-widget_type=\"heading.default\">\n\t\t\t\t<div class=\"elementor-widget-container\">\n\t\t\t\t\t<h2 class=\"elementor-heading-title elementor-size-default\">So gelingt die Wandgestaltung im Wohnzimmer\u200b<\/h2>\t\t\t\t<\/div>\n\t\t\t\t<\/div>\n\t\t\t\t\t<\/div>\n\t\t<\/div>\n\t\t\t\t\t<\/div>\n\t\t<\/section>\n\t\t\t\t<section class=\"elementor-section elementor-top-section elementor-element elementor-element-424b796 elementor-section-boxed elementor-section-height-default elementor-section-height-default\" data-id=\"424b796\" data-element_type=\"section\">\n\t\t\t\t\t\t<div class=\"elementor-container elementor-column-gap-default\">\n\t\t\t\t\t<div class=\"elementor-column elementor-col-100 elementor-top-column elementor-element elementor-element-d46d290\" data-id=\"d46d290\" data-element_type=\"column\">\n\t\t\t<div class=\"elementor-widget-wrap elementor-element-populated\">\n\t\t\t\t\t\t<div class=\"elementor-element elementor-element-2b2a89e elementor-widget elementor-widget-text-editor\" data-id=\"2b2a89e\" data-element_type=\"widget\" data-widget_type=\"text-editor.default\">\n\t\t\t\t<div class=\"elementor-widget-container\">\n\t\t\t\t\t\t\t\t\t<p><span style=\"color: #3f3c3a;\">Ihr Wohnzimmer hat kahle W\u00e4nde und Sie wissen nicht, wo anfangen? Oder Sie brauchen frischen Wind, neue Bilder und einfach mal was anderes? Wir zeigen Ihnen, worauf es bei der Wandgestaltung im Wohnzimmer ankommt. Lassen Sie sich von unseren Ideen f\u00fcr Aufh\u00e4ngung, Farb- und Motivwahl inspirieren.<\/span><\/p>\t\t\t\t\t\t\t\t<\/div>\n\t\t\t\t<\/div>\n\t\t\t\t\t<\/div>\n\t\t<\/div>\n\t\t\t\t\t<\/div>\n\t\t<\/section>\n\t\t\t\t<section class=\"elementor-section elementor-top-section elementor-element elementor-element-3b5989c elementor-section-boxed elementor-section-height-default elementor-section-height-default\" data-id=\"3b5989c\" data-element_type=\"section\">\n\t\t\t\t\t\t<div class=\"elementor-container elementor-column-gap-default\">\n\t\t\t\t\t<div class=\"elementor-column elementor-col-100 elementor-top-column elementor-element elementor-element-e874b24\" data-id=\"e874b24\" data-element_type=\"column\">\n\t\t\t<div class=\"elementor-widget-wrap elementor-element-populated\">\n\t\t\t\t\t\t<div class=\"elementor-element elementor-element-3d95c4b elementor-widget elementor-widget-heading\" data-id=\"3d95c4b\" data-element_type=\"widget\" id=\"aufhaengung\" data-widget_type=\"heading.default\">\n\t\t\t\t<div class=\"elementor-widget-container\">\n\t\t\t\t\t<h3 class=\"elementor-heading-title elementor-size-default\">Ideen und Tipps zur Aufh\u00e4ngung<\/h3>\t\t\t\t<\/div>\n\t\t\t\t<\/div>\n\t\t\t\t\t<\/div>\n\t\t<\/div>\n\t\t\t\t\t<\/div>\n\t\t<\/section>\n\t\t\t\t<section class=\"elementor-section elementor-top-section elementor-element elementor-element-a209a8f elementor-section-boxed elementor-section-height-default elementor-section-height-default\" data-id=\"a209a8f\" data-element_type=\"section\">\n\t\t\t\t\t\t<div class=\"elementor-container elementor-column-gap-default\">\n\t\t\t\t\t<div class=\"elementor-column elementor-col-100 elementor-top-column elementor-element elementor-element-ef74baf\" data-id=\"ef74baf\" data-element_type=\"column\">\n\t\t\t<div class=\"elementor-widget-wrap elementor-element-populated\">\n\t\t\t\t\t\t<div class=\"elementor-element elementor-element-1ddb74d elementor-widget elementor-widget-text-editor\" data-id=\"1ddb74d\" data-element_type=\"widget\" data-widget_type=\"text-editor.default\">\n\t\t\t\t<div class=\"elementor-widget-container\">\n\t\t\t\t\t\t\t\t\t<p><span style=\"color: #3f3c3a;\">Der perfekte Platz f\u00fcr ein Bild h\u00e4ngt von vielen Faktoren ab, nicht zuletzt von Ihrem pers\u00f6nlichen Geschmack. Mit H\u00f6he und Anordnung k\u00f6nnen Sie die Wirkung erheblich beeinflussen. Wir stellen Ihnen verschiedene Optionen vor, wenn es darum geht, den richtigen Platz f\u00fcr ein Bild im Wohnzimmer zu finden.<\/span><\/p>\t\t\t\t\t\t\t\t<\/div>\n\t\t\t\t<\/div>\n\t\t\t\t\t<\/div>\n\t\t<\/div>\n\t\t\t\t\t<\/div>\n\t\t<\/section>\n\t\t\t\t<section class=\"elementor-section elementor-top-section elementor-element elementor-element-4172f78 elementor-section-boxed elementor-section-height-default elementor-section-height-default\" data-id=\"4172f78\" data-element_type=\"section\">\n\t\t\t\t\t\t<div class=\"elementor-container elementor-column-gap-default\">\n\t\t\t\t\t<div class=\"elementor-column elementor-col-33 elementor-top-column elementor-element elementor-element-bf1041c\" data-id=\"bf1041c\" data-element_type=\"column\">\n\t\t\t<div class=\"elementor-widget-wrap elementor-element-populated\">\n\t\t\t\t\t\t<div class=\"elementor-element elementor-element-c342a38 elementor-widget elementor-widget-text-editor\" data-id=\"c342a38\" data-element_type=\"widget\" data-widget_type=\"text-editor.default\">\n\t\t\t\t<div class=\"elementor-widget-container\">\n\t\t\t\t\t\t\t\t\t<p style=\"color: #3f3c3a;\"><span style=\"font-weight: bolder;\">Bilder \u00fcber dem Sofa<\/span><\/p><p style=\"color: #3f3c3a;\">Gro\u00dfe Gem\u00e4lde, Leinw\u00e4nde und Rahmen brauchen ausreichend Raum, um ihre Wirkung zu entfalten. Sie funktionieren als zentrales Element und sollten deshalb auch m\u00f6glichst prominent aufgeh\u00e4ngt werden. Am besten Sie h\u00e4ngen das Gem\u00e4lde mittig \u00fcber einem ebenfalls zentralen M\u00f6belst\u00fcck auf. Klassischerweise ist das \u00fcber dem Sofa, aber auch \u00fcber einem Sideboard oder \u00fcber dem Kamin entwickelt ein gro\u00dfes Bild seine Strahlkraft.<\/p>\t\t\t\t\t\t\t\t<\/div>\n\t\t\t\t<\/div>\n\t\t\t\t\t<\/div>\n\t\t<\/div>\n\t\t\t\t<div class=\"elementor-column elementor-col-66 elementor-top-column elementor-element elementor-element-ffc9bcf\" data-id=\"ffc9bcf\" data-element_type=\"column\">\n\t\t\t<div class=\"elementor-widget-wrap elementor-element-populated\">\n\t\t\t\t\t\t<div class=\"elementor-element elementor-element-1c60208 elementor-widget elementor-widget-image\" data-id=\"1c60208\" data-element_type=\"widget\" data-widget_type=\"image.default\">\n\t\t\t\t<div class=\"elementor-widget-container\">\n\t\t\t\t\t\t\t\t\t\t\t\t\t\t\t<img decoding=\"async\" width=\"950\" height=\"633\" src=\"https:\/\/www.kunstloft.ch\/magazin\/wp-content\/uploads\/2022\/12\/wohnzimmer-bilder-ideen-modern.jpg\" class=\"elementor-animation-grow attachment-large size-large wp-image-344\" alt=\"\" srcset=\"https:\/\/www.kunstloft.ch\/magazin\/wp-content\/uploads\/2022\/12\/wohnzimmer-bilder-ideen-modern.jpg 1000w, https:\/\/www.kunstloft.ch\/magazin\/wp-content\/uploads\/2022\/12\/wohnzimmer-bilder-ideen-modern-300x200.jpg 300w, https:\/\/www.kunstloft.ch\/magazin\/wp-content\/uploads\/2022\/12\/wohnzimmer-bilder-ideen-modern-768x511.jpg 768w\" sizes=\"100vw\" \/>\t\t\t\t\t\t\t\t\t\t\t\t\t\t\t<\/div>\n\t\t\t\t<\/div>\n\t\t\t\t\t<\/div>\n\t\t<\/div>\n\t\t\t\t\t<\/div>\n\t\t<\/section>\n\t\t\t\t<section class=\"elementor-section elementor-top-section elementor-element elementor-element-787be41 elementor-section-boxed elementor-section-height-default elementor-section-height-default\" data-id=\"787be41\" data-element_type=\"section\">\n\t\t\t\t\t\t<div class=\"elementor-container elementor-column-gap-default\">\n\t\t\t\t\t<div class=\"elementor-column elementor-col-100 elementor-top-column elementor-element elementor-element-05f30ce\" data-id=\"05f30ce\" data-element_type=\"column\">\n\t\t\t<div class=\"elementor-widget-wrap elementor-element-populated\">\n\t\t\t\t\t\t<div class=\"elementor-element elementor-element-69c710f elementor-widget elementor-widget-text-editor\" data-id=\"69c710f\" data-element_type=\"widget\" data-widget_type=\"text-editor.default\">\n\t\t\t\t<div class=\"elementor-widget-container\">\n\t\t\t\t\t\t\t\t\t<p><span style=\"font-weight: bolder; color: #3f3c3a;\">\u00dcbrigens:<\/span><span style=\"color: #3f3c3a;\">\u00a0Mehrteilige Bilder ergeben zusammen praktisch ein gro\u00dfes Bild und machen sich ebenfalls gut \u00fcber dem Sofa oder Sideboard.<\/span><\/p>\t\t\t\t\t\t\t\t<\/div>\n\t\t\t\t<\/div>\n\t\t\t\t\t<\/div>\n\t\t<\/div>\n\t\t\t\t\t<\/div>\n\t\t<\/section>\n\t\t\t\t<section class=\"elementor-section elementor-top-section elementor-element elementor-element-17d45e6 elementor-section-boxed elementor-section-height-default elementor-section-height-default\" data-id=\"17d45e6\" data-element_type=\"section\">\n\t\t\t\t\t\t<div class=\"elementor-container elementor-column-gap-default\">\n\t\t\t\t\t<div class=\"elementor-column elementor-col-100 elementor-top-column elementor-element elementor-element-7842104\" data-id=\"7842104\" data-element_type=\"column\">\n\t\t\t<div class=\"elementor-widget-wrap elementor-element-populated\">\n\t\t\t\t\t\t<div class=\"elementor-element elementor-element-7128571 elementor-widget elementor-widget-text-editor\" data-id=\"7128571\" data-element_type=\"widget\" data-widget_type=\"text-editor.default\">\n\t\t\t\t<div class=\"elementor-widget-container\">\n\t\t\t\t\t\t\t\t\t<p style=\"color: #3f3c3a;\"><span style=\"font-weight: bolder;\">Bildergalerien<\/span><\/p><p style=\"color: #3f3c3a;\">Kleinere Bilder lassen sich wunderbar zu einer Bildergalerie zusammenstellen. Wenn Sie nicht gerade eine perfekt aufeinander abgestimmte Komposition haben, bietet es sich an, dass Sie sowohl bei den Motiven als auch den Rahmen mit Kontrasten arbeiten. Unterschiedliche Epochen, Fotos, Poster, Wortkunst, dekorative Gegenst\u00e4nde \u2013 hier ist alles erlaubt. W\u00e4hlen Sie Bilder, die Ihnen gefallen und gehen Sie ganz nach Ihrem Bauchgef\u00fchl. Die Anordnung ergibt sich dann im Laufe der Sammlung.<\/p>\t\t\t\t\t\t\t\t<\/div>\n\t\t\t\t<\/div>\n\t\t\t\t\t<\/div>\n\t\t<\/div>\n\t\t\t\t\t<\/div>\n\t\t<\/section>\n\t\t\t\t<section class=\"elementor-section elementor-top-section elementor-element elementor-element-4dd5ade elementor-section-boxed elementor-section-height-default elementor-section-height-default\" data-id=\"4dd5ade\" data-element_type=\"section\">\n\t\t\t\t\t\t<div class=\"elementor-container elementor-column-gap-default\">\n\t\t\t\t\t<div class=\"elementor-column elementor-col-100 elementor-top-column elementor-element elementor-element-69f6d85\" data-id=\"69f6d85\" data-element_type=\"column\">\n\t\t\t<div class=\"elementor-widget-wrap elementor-element-populated\">\n\t\t\t\t\t\t<div class=\"elementor-element elementor-element-6db15e3 elementor-widget elementor-widget-image\" data-id=\"6db15e3\" data-element_type=\"widget\" data-widget_type=\"image.default\">\n\t\t\t\t<div class=\"elementor-widget-container\">\n\t\t\t\t\t\t\t\t\t\t\t\t\t\t\t<img decoding=\"async\" width=\"950\" height=\"633\" src=\"https:\/\/www.kunstloft.ch\/magazin\/wp-content\/uploads\/2022\/12\/bildergalerie-wohnzimmer.jpg\" class=\"elementor-animation-grow attachment-large size-large wp-image-331\" alt=\"\" srcset=\"https:\/\/www.kunstloft.ch\/magazin\/wp-content\/uploads\/2022\/12\/bildergalerie-wohnzimmer.jpg 1000w, https:\/\/www.kunstloft.ch\/magazin\/wp-content\/uploads\/2022\/12\/bildergalerie-wohnzimmer-300x200.jpg 300w, https:\/\/www.kunstloft.ch\/magazin\/wp-content\/uploads\/2022\/12\/bildergalerie-wohnzimmer-768x511.jpg 768w\" sizes=\"100vw\" \/>\t\t\t\t\t\t\t\t\t\t\t\t\t\t\t<\/div>\n\t\t\t\t<\/div>\n\t\t\t\t\t<\/div>\n\t\t<\/div>\n\t\t\t\t\t<\/div>\n\t\t<\/section>\n\t\t\t\t<section class=\"elementor-section elementor-top-section elementor-element elementor-element-aa86183 elementor-section-boxed elementor-section-height-default elementor-section-height-default\" data-id=\"aa86183\" data-element_type=\"section\">\n\t\t\t\t\t\t<div class=\"elementor-container elementor-column-gap-default\">\n\t\t\t\t\t<div class=\"elementor-column elementor-col-100 elementor-top-column elementor-element elementor-element-91baed9\" data-id=\"91baed9\" data-element_type=\"column\">\n\t\t\t<div class=\"elementor-widget-wrap elementor-element-populated\">\n\t\t\t\t\t\t<div class=\"elementor-element elementor-element-37f345e elementor-widget elementor-widget-spacer\" data-id=\"37f345e\" data-element_type=\"widget\" data-widget_type=\"spacer.default\">\n\t\t\t\t<div class=\"elementor-widget-container\">\n\t\t\t\t\t\t\t<div class=\"elementor-spacer\">\n\t\t\t<div class=\"elementor-spacer-inner\"><\/div>\n\t\t<\/div>\n\t\t\t\t\t\t<\/div>\n\t\t\t\t<\/div>\n\t\t\t\t\t<\/div>\n\t\t<\/div>\n\t\t\t\t\t<\/div>\n\t\t<\/section>\n\t\t\t\t<section class=\"elementor-section elementor-top-section elementor-element elementor-element-fd22cef elementor-section-boxed elementor-section-height-default elementor-section-height-default\" data-id=\"fd22cef\" data-element_type=\"section\">\n\t\t\t\t\t\t<div class=\"elementor-container elementor-column-gap-default\">\n\t\t\t\t\t<div class=\"elementor-column elementor-col-100 elementor-top-column elementor-element elementor-element-130fd85\" data-id=\"130fd85\" data-element_type=\"column\">\n\t\t\t<div class=\"elementor-widget-wrap elementor-element-populated\">\n\t\t\t\t\t\t<div class=\"elementor-element elementor-element-1661f61 elementor-widget elementor-widget-text-editor\" data-id=\"1661f61\" data-element_type=\"widget\" data-widget_type=\"text-editor.default\">\n\t\t\t\t<div class=\"elementor-widget-container\">\n\t\t\t\t\t\t\t\t\t<p style=\"color: #3f3c3a;\">Die Rahmen k\u00f6nnen Sie ebenfalls bunt zusammenw\u00fcrfeln. Vor allem Gr\u00f6\u00dfe und horizontale oder vertikale Ausrichtung sollten Sie mischen, damit sich ein stimmiges Gesamtbild ergibt. Wenn Sie lieber mehr Ruhe in Ihre Bildergalerie bringen m\u00f6chten, w\u00e4hlen Sie Material und Farbe in demselben Stil. Schmale schwarze Rahmen, Passepartouts, Rahmen in Wei\u00df und Gold oder schlichte Holzrahmen r\u00fccken den Inhalt in den Fokus.<\/p><p style=\"color: #3f3c3a;\"><span style=\"font-weight: bolder;\">Tipp:<\/span>\u00a0Legen Sie vorab Ihre auserw\u00e4hlten, gerahmten Kunstwerke auf den Boden und schieben Sie sie in Position, so wie sie hinterher an der Wand h\u00e4ngen sollen. So k\u00f6nnen Sie im Vorhinein absch\u00e4tzen, ob Ihnen das Ergebnis gef\u00e4llt. Inspiration bieten Ihnen verschiedene H\u00e4ngungsarten:<\/p><ul style=\"color: #3f3c3a;\"><li><span style=\"font-weight: bolder;\">Schwarm-H\u00e4ngung:<\/span>\u00a0Arrangieren Sie mehrere kleinere Bilder um ein gr\u00f6\u00dferes Bild.<\/li><li><span style=\"font-weight: bolder;\">Petersburger H\u00e4ngung:<\/span>\u00a0Setzen Sie viele Bilder in engen Abst\u00e4nden \u00fcber- und nebeneinander und schaffen Sie so ein Gesamtkunstwerk.<\/li><li><span style=\"font-weight: bolder;\">Galerie-H\u00e4ngung:<\/span>\u00a0Richten Sie (unterschiedlich gro\u00dfe) Bilder an einer Achse aus, sodass der untere Rand oder die Mitte der Bilder auf einer Ebene h\u00e4ngen.<\/li><\/ul>\t\t\t\t\t\t\t\t<\/div>\n\t\t\t\t<\/div>\n\t\t\t\t\t<\/div>\n\t\t<\/div>\n\t\t\t\t\t<\/div>\n\t\t<\/section>\n\t\t\t\t<section class=\"elementor-section elementor-top-section elementor-element elementor-element-9ee2afd elementor-section-boxed elementor-section-height-default elementor-section-height-default\" data-id=\"9ee2afd\" data-element_type=\"section\">\n\t\t\t\t\t\t<div class=\"elementor-container elementor-column-gap-default\">\n\t\t\t\t\t<div class=\"elementor-column elementor-col-66 elementor-top-column elementor-element elementor-element-3cf97d9\" data-id=\"3cf97d9\" data-element_type=\"column\">\n\t\t\t<div class=\"elementor-widget-wrap elementor-element-populated\">\n\t\t\t\t\t\t<div class=\"elementor-element elementor-element-b401728 elementor-widget elementor-widget-image\" data-id=\"b401728\" data-element_type=\"widget\" data-widget_type=\"image.default\">\n\t\t\t\t<div class=\"elementor-widget-container\">\n\t\t\t\t\t\t\t\t\t\t\t\t\t\t\t<img loading=\"lazy\" decoding=\"async\" width=\"950\" height=\"599\" src=\"https:\/\/www.kunstloft.ch\/magazin\/wp-content\/uploads\/2022\/12\/wohnzimmer-bilder-regal.jpg\" class=\"elementor-animation-grow attachment-large size-large wp-image-345\" alt=\"\" srcset=\"https:\/\/www.kunstloft.ch\/magazin\/wp-content\/uploads\/2022\/12\/wohnzimmer-bilder-regal.jpg 1000w, https:\/\/www.kunstloft.ch\/magazin\/wp-content\/uploads\/2022\/12\/wohnzimmer-bilder-regal-300x189.jpg 300w, https:\/\/www.kunstloft.ch\/magazin\/wp-content\/uploads\/2022\/12\/wohnzimmer-bilder-regal-768x484.jpg 768w\" sizes=\"100vw\" \/>\t\t\t\t\t\t\t\t\t\t\t\t\t\t\t<\/div>\n\t\t\t\t<\/div>\n\t\t\t\t\t<\/div>\n\t\t<\/div>\n\t\t\t\t<div class=\"elementor-column elementor-col-33 elementor-top-column elementor-element elementor-element-7bfcf9e\" data-id=\"7bfcf9e\" data-element_type=\"column\">\n\t\t\t<div class=\"elementor-widget-wrap elementor-element-populated\">\n\t\t\t\t\t\t<div class=\"elementor-element elementor-element-799b03a elementor-widget elementor-widget-text-editor\" data-id=\"799b03a\" data-element_type=\"widget\" data-widget_type=\"text-editor.default\">\n\t\t\t\t<div class=\"elementor-widget-container\">\n\t\t\t\t\t\t\t\t\t<p style=\"color: #3f3c3a;\"><span style=\"font-weight: bolder;\">Bilder auf dem Wandregal<\/span><\/p><p style=\"color: #3f3c3a;\">Eine praktische und gleichzeitig elegante Option Bilder in Szene zu setzen, ist diese auf einem schwebenden Regal oder einer Bilderleiste anzuordnen. Die Vorteile liegen auf der Hand: Sie brauchen keine L\u00f6cher zu bohren \u2013 zumindest nicht, nachdem das Regal einmal h\u00e4ngt. Und Sie k\u00f6nnen die Bilder nach Belieben austauschen und neu zusammenstellen.<\/p>\t\t\t\t\t\t\t\t<\/div>\n\t\t\t\t<\/div>\n\t\t\t\t\t<\/div>\n\t\t<\/div>\n\t\t\t\t\t<\/div>\n\t\t<\/section>\n\t\t\t\t<section class=\"elementor-section elementor-top-section elementor-element elementor-element-cf392d0 elementor-section-boxed elementor-section-height-default elementor-section-height-default\" data-id=\"cf392d0\" data-element_type=\"section\">\n\t\t\t\t\t\t<div class=\"elementor-container elementor-column-gap-default\">\n\t\t\t\t\t<div class=\"elementor-column elementor-col-100 elementor-top-column elementor-element elementor-element-c677f70\" data-id=\"c677f70\" data-element_type=\"column\">\n\t\t\t<div class=\"elementor-widget-wrap elementor-element-populated\">\n\t\t\t\t\t\t<div class=\"elementor-element elementor-element-459acc1 elementor-widget elementor-widget-text-editor\" data-id=\"459acc1\" data-element_type=\"widget\" data-widget_type=\"text-editor.default\">\n\t\t\t\t<div class=\"elementor-widget-container\">\n\t\t\t\t\t\t\t\t\t<p><span style=\"font-weight: bolder; color: #3f3c3a;\">Tipp:<\/span><span style=\"color: #3f3c3a;\">\u00a0Stellen Sie die Bilder nicht einfach nebeneinander, sondern nutzen Sie unterschiedlich gro\u00dfe Rahmen, die Sie versetzt vor- und hintereinander stellen k\u00f6nnen. So ergibt sich eine \u201eSkyline\u201c, die Sie mit Blumen, Kerzen oder anderen Deko-Gegenst\u00e4nden zu einem Gesamtbild kombinieren.<\/span><\/p>\t\t\t\t\t\t\t\t<\/div>\n\t\t\t\t<\/div>\n\t\t\t\t\t<\/div>\n\t\t<\/div>\n\t\t\t\t\t<\/div>\n\t\t<\/section>\n\t\t\t\t<section class=\"elementor-section elementor-top-section elementor-element elementor-element-47ccc8e elementor-section-boxed elementor-section-height-default elementor-section-height-default\" data-id=\"47ccc8e\" data-element_type=\"section\">\n\t\t\t\t\t\t<div class=\"elementor-container elementor-column-gap-default\">\n\t\t\t\t\t<div class=\"elementor-column elementor-col-100 elementor-top-column elementor-element elementor-element-1dedfe5\" data-id=\"1dedfe5\" data-element_type=\"column\">\n\t\t\t<div class=\"elementor-widget-wrap elementor-element-populated\">\n\t\t\t\t\t\t<div class=\"elementor-element elementor-element-a0038f0 elementor-widget elementor-widget-text-editor\" data-id=\"a0038f0\" data-element_type=\"widget\" data-widget_type=\"text-editor.default\">\n\t\t\t\t<div class=\"elementor-widget-container\">\n\t\t\t\t\t\t\t\t\t<p style=\"color: #3f3c3a;\"><span style=\"font-weight: bolder;\">Individuelle Gestaltung mit Wandbildern<\/span><\/p><p style=\"color: #3f3c3a;\">Was w\u00e4ren Regeln, wenn man sie nicht brechen k\u00f6nnte? Widersprechen Sie allen Erwartungen und erfinden Sie Ihre eigene Wandgestaltung. Werden Sie experimentell und h\u00e4ngen Sie Ihre Bilder kontr\u00e4r zu allen Tipps und Ratschl\u00e4gen. \u00dcberraschen Sie Ihre G\u00e4ste mit Bildern an unerwarteten Stellen.<\/p><p style=\"color: #3f3c3a;\">Wo steht, dass Bilder aufgeh\u00e4ngt werden m\u00fcssen? Stellen Sie Bilder auf den Fu\u00dfboden und lehnen Sie sie einfach gegen die Wand. Warum sollten Bildergalerien in der Mitte einer Wand h\u00e4ngen, wenn man sie auch \u00fcber Eck verlaufen lassen kann? Und muss ein Bild ganz zu sehen sein oder ist es nicht viel interessanter, wenn es mit der H\u00e4ngepflanze verschmilzt? Oder wenn gar kein Bild im Rahmen h\u00e4ngt? Probieren Sie ungewohnte Platzierungen aus und folgen Sie Ihrem k\u00fcnstlerischen Instinkt.<\/p>\t\t\t\t\t\t\t\t<\/div>\n\t\t\t\t<\/div>\n\t\t\t\t\t<\/div>\n\t\t<\/div>\n\t\t\t\t\t<\/div>\n\t\t<\/section>\n\t\t\t\t<section class=\"elementor-section elementor-top-section elementor-element elementor-element-cb45bd0 elementor-section-boxed elementor-section-height-default elementor-section-height-default\" data-id=\"cb45bd0\" data-element_type=\"section\">\n\t\t\t\t\t\t<div class=\"elementor-container elementor-column-gap-default\">\n\t\t\t\t\t<div class=\"elementor-column elementor-col-100 elementor-top-column elementor-element elementor-element-a6454ff\" data-id=\"a6454ff\" data-element_type=\"column\">\n\t\t\t<div class=\"elementor-widget-wrap elementor-element-populated\">\n\t\t\t\t\t\t<div class=\"elementor-element elementor-element-f0055e4 elementor-widget elementor-widget-heading\" data-id=\"f0055e4\" data-element_type=\"widget\" id=\"farben-wohnzimmer\" data-widget_type=\"heading.default\">\n\t\t\t\t<div class=\"elementor-widget-container\">\n\t\t\t\t\t<h3 class=\"elementor-heading-title elementor-size-default\">Geeignete Farben f\u00fcr die Bilder im Wohnzimmer<\/h3>\t\t\t\t<\/div>\n\t\t\t\t<\/div>\n\t\t\t\t\t<\/div>\n\t\t<\/div>\n\t\t\t\t\t<\/div>\n\t\t<\/section>\n\t\t\t\t<section class=\"elementor-section elementor-top-section elementor-element elementor-element-1057361 elementor-section-boxed elementor-section-height-default elementor-section-height-default\" data-id=\"1057361\" data-element_type=\"section\">\n\t\t\t\t\t\t<div class=\"elementor-container elementor-column-gap-default\">\n\t\t\t\t\t<div class=\"elementor-column elementor-col-100 elementor-top-column elementor-element elementor-element-408090a\" data-id=\"408090a\" data-element_type=\"column\">\n\t\t\t<div class=\"elementor-widget-wrap elementor-element-populated\">\n\t\t\t\t\t\t<div class=\"elementor-element elementor-element-840a3b9 elementor-widget elementor-widget-text-editor\" data-id=\"840a3b9\" data-element_type=\"widget\" data-widget_type=\"text-editor.default\">\n\t\t\t\t<div class=\"elementor-widget-container\">\n\t\t\t\t\t\t\t\t\t<p style=\"color: #3f3c3a;\">Sie wissen schon, welche H\u00e4ngung Sie im Wohnzimmer anstreben, aber haben noch keine Bilder ausgew\u00e4hlt? Dann hilft die Frage nach der Farbe als erste \u00dcberlegung. W\u00fcnschen Sie sich lieber bunte Bilder oder brauchen Sie eher schlichte und dezente T\u00f6ne? Wir haben Vorschl\u00e4ge f\u00fcr jeden Geschmack.<\/p><h4 style=\"font-size: 16px;\"><span style=\"font-weight: bolder;\">Schwarz-Wei\u00df-Bilder<\/span><\/h4><p style=\"color: #3f3c3a;\">Elegant und pr\u00e4gnant und dennoch zur\u00fcckhaltend \u2013 mit Schwarz-Wei\u00df-Bildern lenken Sie den Fokus auf Formen und Strukturen. Das Spiel aus Licht und Schatten l\u00e4sst den Betrachter das Objekt f\u00f6rmlich sp\u00fcren. Spielen Sie mit Mustern und holen Sie durch monochrome Bilder stilvolle \u00c4sthetik in Ihr Wohnzimmer. Schwarz-wei\u00dfe Bilder passen zu einer minimalistischen Einrichtung und k\u00f6nnen mit Holz oder Graut\u00f6nen kombiniert werden.<\/p><p style=\"color: #3f3c3a;\">Bei KunstLoft finden Sie monochrome Kunstfotografien mit beeindruckenden Nahaufnahmen:<\/p>\t\t\t\t\t\t\t\t<\/div>\n\t\t\t\t<\/div>\n\t\t\t\t\t<\/div>\n\t\t<\/div>\n\t\t\t\t\t<\/div>\n\t\t<\/section>\n\t\t\t\t<section class=\"elementor-section elementor-top-section elementor-element elementor-element-141df8e elementor-section-boxed elementor-section-height-default elementor-section-height-default\" data-id=\"141df8e\" data-element_type=\"section\">\n\t\t\t\t\t\t<div class=\"elementor-container elementor-column-gap-default\">\n\t\t\t\t\t<div class=\"elementor-column elementor-col-100 elementor-top-column elementor-element elementor-element-6c0fc93\" data-id=\"6c0fc93\" data-element_type=\"column\">\n\t\t\t<div class=\"elementor-widget-wrap elementor-element-populated\">\n\t\t\t\t\t\t<div class=\"elementor-element elementor-element-f9a45d2 elementor-widget elementor-widget-image\" data-id=\"f9a45d2\" data-element_type=\"widget\" data-widget_type=\"image.default\">\n\t\t\t\t<div class=\"elementor-widget-container\">\n\t\t\t\t\t\t\t\t\t\t\t\t\t\t\t<img loading=\"lazy\" decoding=\"async\" width=\"950\" height=\"633\" src=\"https:\/\/www.kunstloft.ch\/magazin\/wp-content\/uploads\/2022\/12\/wohnzimmer-bilder-aufhaengen-ideen-modern.jpg\" class=\"elementor-animation-grow attachment-large size-large wp-image-343\" alt=\"\" srcset=\"https:\/\/www.kunstloft.ch\/magazin\/wp-content\/uploads\/2022\/12\/wohnzimmer-bilder-aufhaengen-ideen-modern.jpg 1000w, https:\/\/www.kunstloft.ch\/magazin\/wp-content\/uploads\/2022\/12\/wohnzimmer-bilder-aufhaengen-ideen-modern-300x200.jpg 300w, https:\/\/www.kunstloft.ch\/magazin\/wp-content\/uploads\/2022\/12\/wohnzimmer-bilder-aufhaengen-ideen-modern-768x511.jpg 768w\" sizes=\"100vw\" \/>\t\t\t\t\t\t\t\t\t\t\t\t\t\t\t<\/div>\n\t\t\t\t<\/div>\n\t\t\t\t\t<\/div>\n\t\t<\/div>\n\t\t\t\t\t<\/div>\n\t\t<\/section>\n\t\t\t\t<section class=\"elementor-section elementor-top-section elementor-element elementor-element-0619791 elementor-section-boxed elementor-section-height-default elementor-section-height-default\" data-id=\"0619791\" data-element_type=\"section\">\n\t\t\t\t\t\t<div class=\"elementor-container elementor-column-gap-default\">\n\t\t\t\t\t<div class=\"elementor-column elementor-col-33 elementor-top-column elementor-element elementor-element-50a7daf\" data-id=\"50a7daf\" data-element_type=\"column\">\n\t\t\t<div class=\"elementor-widget-wrap elementor-element-populated\">\n\t\t\t\t\t\t<div class=\"elementor-element elementor-element-648b9d9 elementor-widget elementor-widget-image\" data-id=\"648b9d9\" data-element_type=\"widget\" data-widget_type=\"image.default\">\n\t\t\t\t<div class=\"elementor-widget-container\">\n\t\t\t\t\t\t\t\t\t\t\t\t\t\t\t\t<a href=\"https:\/\/www.kunstloft.ch\/9660-kunstfotografie-flower-of-cordiality-1\/\">\n\t\t\t\t\t\t\t<img loading=\"lazy\" decoding=\"async\" width=\"600\" height=\"600\" src=\"https:\/\/www.kunstloft.ch\/magazin\/wp-content\/uploads\/2022\/12\/flower-of-cordiality-1.jpg\" class=\"elementor-animation-grow attachment-large size-large wp-image-333\" alt=\"\" srcset=\"https:\/\/www.kunstloft.ch\/magazin\/wp-content\/uploads\/2022\/12\/flower-of-cordiality-1.jpg 600w, https:\/\/www.kunstloft.ch\/magazin\/wp-content\/uploads\/2022\/12\/flower-of-cordiality-1-300x300.jpg 300w, https:\/\/www.kunstloft.ch\/magazin\/wp-content\/uploads\/2022\/12\/flower-of-cordiality-1-150x150.jpg 150w\" sizes=\"100vw\" \/>\t\t\t\t\t\t\t\t<\/a>\n\t\t\t\t\t\t\t\t\t\t\t\t\t\t\t<\/div>\n\t\t\t\t<\/div>\n\t\t\t\t<div class=\"elementor-element elementor-element-f72b418 elementor-widget elementor-widget-text-editor\" data-id=\"f72b418\" data-element_type=\"widget\" data-widget_type=\"text-editor.default\">\n\t\t\t\t<div class=\"elementor-widget-container\">\n\t\t\t\t\t\t\t\t\t<p style=\"text-align: center;\"><a href=\"https:\/\/www.kunstloft.ch\/9660-kunstfotografie-flower-of-cordiality-1\/\"><b>Kunstfotografie <br>&#8218;Flower of Cordiality&#8216;<\/b><\/a><\/p>\t\t\t\t\t\t\t\t<\/div>\n\t\t\t\t<\/div>\n\t\t\t\t\t<\/div>\n\t\t<\/div>\n\t\t\t\t<div class=\"elementor-column elementor-col-33 elementor-top-column elementor-element elementor-element-a1fb319\" data-id=\"a1fb319\" data-element_type=\"column\">\n\t\t\t<div class=\"elementor-widget-wrap elementor-element-populated\">\n\t\t\t\t\t\t<div class=\"elementor-element elementor-element-74a5ae8 elementor-widget elementor-widget-image\" data-id=\"74a5ae8\" data-element_type=\"widget\" data-widget_type=\"image.default\">\n\t\t\t\t<div class=\"elementor-widget-container\">\n\t\t\t\t\t\t\t\t\t\t\t\t\t\t\t\t<a href=\"https:\/\/www.kunstloft.ch\/9658-kunstfotografie-flower-of-youth-1\/\">\n\t\t\t\t\t\t\t<img loading=\"lazy\" decoding=\"async\" width=\"600\" height=\"600\" src=\"https:\/\/www.kunstloft.ch\/magazin\/wp-content\/uploads\/2022\/12\/flower-of-youth.jpg\" class=\"elementor-animation-grow attachment-large size-large wp-image-335\" alt=\"\" srcset=\"https:\/\/www.kunstloft.ch\/magazin\/wp-content\/uploads\/2022\/12\/flower-of-youth.jpg 600w, https:\/\/www.kunstloft.ch\/magazin\/wp-content\/uploads\/2022\/12\/flower-of-youth-300x300.jpg 300w, https:\/\/www.kunstloft.ch\/magazin\/wp-content\/uploads\/2022\/12\/flower-of-youth-150x150.jpg 150w\" sizes=\"100vw\" \/>\t\t\t\t\t\t\t\t<\/a>\n\t\t\t\t\t\t\t\t\t\t\t\t\t\t\t<\/div>\n\t\t\t\t<\/div>\n\t\t\t\t<div class=\"elementor-element elementor-element-23196ca elementor-widget elementor-widget-text-editor\" data-id=\"23196ca\" data-element_type=\"widget\" data-widget_type=\"text-editor.default\">\n\t\t\t\t<div class=\"elementor-widget-container\">\n\t\t\t\t\t\t\t\t\t<p style=\"text-align: center;\"><a href=\"https:\/\/www.kunstloft.ch\/9658-kunstfotografie-flower-of-youth-1\/\"><b>Kunstfotografie <br>&#8218;Flower of Youth&#8216;<\/b><\/a><\/p>\t\t\t\t\t\t\t\t<\/div>\n\t\t\t\t<\/div>\n\t\t\t\t\t<\/div>\n\t\t<\/div>\n\t\t\t\t<div class=\"elementor-column elementor-col-33 elementor-top-column elementor-element elementor-element-a4219f0\" data-id=\"a4219f0\" data-element_type=\"column\">\n\t\t\t<div class=\"elementor-widget-wrap elementor-element-populated\">\n\t\t\t\t\t\t<div class=\"elementor-element elementor-element-b4d7efc elementor-widget elementor-widget-image\" data-id=\"b4d7efc\" data-element_type=\"widget\" data-widget_type=\"image.default\">\n\t\t\t\t<div class=\"elementor-widget-container\">\n\t\t\t\t\t\t\t\t\t\t\t\t\t\t\t\t<a href=\"https:\/\/www.kunstloft.ch\/9665-kunstfotografie-flower-of-unity-1\/\">\n\t\t\t\t\t\t\t<img loading=\"lazy\" decoding=\"async\" width=\"600\" height=\"600\" src=\"https:\/\/www.kunstloft.ch\/magazin\/wp-content\/uploads\/2022\/12\/flower-of-unity-1.jpg\" class=\"elementor-animation-grow attachment-large size-large wp-image-334\" alt=\"\" srcset=\"https:\/\/www.kunstloft.ch\/magazin\/wp-content\/uploads\/2022\/12\/flower-of-unity-1.jpg 600w, https:\/\/www.kunstloft.ch\/magazin\/wp-content\/uploads\/2022\/12\/flower-of-unity-1-300x300.jpg 300w, https:\/\/www.kunstloft.ch\/magazin\/wp-content\/uploads\/2022\/12\/flower-of-unity-1-150x150.jpg 150w\" sizes=\"100vw\" \/>\t\t\t\t\t\t\t\t<\/a>\n\t\t\t\t\t\t\t\t\t\t\t\t\t\t\t<\/div>\n\t\t\t\t<\/div>\n\t\t\t\t<div class=\"elementor-element elementor-element-0e90144 elementor-widget elementor-widget-text-editor\" data-id=\"0e90144\" data-element_type=\"widget\" data-widget_type=\"text-editor.default\">\n\t\t\t\t<div class=\"elementor-widget-container\">\n\t\t\t\t\t\t\t\t\t<p style=\"text-align: center;\"><b><a href=\"https:\/\/www.kunstloft.ch\/9665-kunstfotografie-flower-of-unity-1\/\">Kunstfotografie <br \/>&#8218;Flower of Unity&#8216;<\/a><\/b><\/p>\t\t\t\t\t\t\t\t<\/div>\n\t\t\t\t<\/div>\n\t\t\t\t\t<\/div>\n\t\t<\/div>\n\t\t\t\t\t<\/div>\n\t\t<\/section>\n\t\t\t\t<section class=\"elementor-section elementor-top-section elementor-element elementor-element-ba15105 elementor-section-boxed elementor-section-height-default elementor-section-height-default\" data-id=\"ba15105\" data-element_type=\"section\">\n\t\t\t\t\t\t<div class=\"elementor-container elementor-column-gap-default\">\n\t\t\t\t\t<div class=\"elementor-column elementor-col-100 elementor-top-column elementor-element elementor-element-3a11a8a\" data-id=\"3a11a8a\" data-element_type=\"column\">\n\t\t\t<div class=\"elementor-widget-wrap elementor-element-populated\">\n\t\t\t\t\t\t<div class=\"elementor-element elementor-element-bc82f44 elementor-widget elementor-widget-text-editor\" data-id=\"bc82f44\" data-element_type=\"widget\" data-widget_type=\"text-editor.default\">\n\t\t\t\t<div class=\"elementor-widget-container\">\n\t\t\t\t\t\t\t\t\t<h4 style=\"font-size: 16px;\">Bunte Kleckse und sanfte Farbverl\u00e4ufe<\/h4><p style=\"color: #3f3c3a;\">Bunte Bilder schaffen es, eine moderne Einrichtung aufzulockern und zwischen geraden Linien und kantigen M\u00f6beln Leichtigkeit und W\u00e4rme auszustrahlen. Neutrale Farben bieten sich f\u00fcr Sofa, Vorh\u00e4nge und Teppich an, da sie einfach kombiniert werden k\u00f6nnen und einen Hauch von Luxus in sich tragen. Nutzen Sie Bilder, um farbige Akzente zu setzen und eine freundliche Atmosph\u00e4re in Ihr Wohnzimmer zu zaubern.<\/p><p style=\"color: #3f3c3a;\">Greifen Sie daf\u00fcr bestehende Farben aus Ihrer Einrichtung auf. So wie Sie Kleidung und Accessoires aufeinander abstimmen, k\u00f6nnen Sie auch die\u00a0<span style=\"font-weight: bolder;\">Wandgestaltung in Ihrem Wohnzimmer farblich auf die Einrichtung abstimmen<\/span>. Haben Ihre Deko-Kissen eine auffallende Farbe? Gibt es eine bunte Lampe in Ihrem Wohnzimmer? Auch Blument\u00f6pfe, Schalen, Vasen und Deko-Gegenst\u00e4nde k\u00f6nnen Sie in Ihr Farbkonzept mit Wandbildern integrieren.<\/p><p style=\"color: #3f3c3a;\">Falls Sie bereits ein Farbkonzept verfolgen, finden Sie bei KunstLoft passende Gem\u00e4lde in allen Schattierungen, beispielsweise mit\u00a0<a href=\"https:\/\/www.kunstloft.ch\/fluid-painting\/\">Fluid Painting<\/a>.<\/p>\t\t\t\t\t\t\t\t<\/div>\n\t\t\t\t<\/div>\n\t\t\t\t\t<\/div>\n\t\t<\/div>\n\t\t\t\t\t<\/div>\n\t\t<\/section>\n\t\t\t\t<section class=\"elementor-section elementor-top-section elementor-element elementor-element-0a73ac9 elementor-section-boxed elementor-section-height-default elementor-section-height-default\" data-id=\"0a73ac9\" data-element_type=\"section\">\n\t\t\t\t\t\t<div class=\"elementor-container elementor-column-gap-default\">\n\t\t\t\t\t<div class=\"elementor-column elementor-col-50 elementor-top-column elementor-element elementor-element-5160d3b\" data-id=\"5160d3b\" data-element_type=\"column\">\n\t\t\t<div class=\"elementor-widget-wrap elementor-element-populated\">\n\t\t\t\t\t\t<div class=\"elementor-element elementor-element-26ce205 elementor-widget elementor-widget-image\" data-id=\"26ce205\" data-element_type=\"widget\" data-widget_type=\"image.default\">\n\t\t\t\t<div class=\"elementor-widget-container\">\n\t\t\t\t\t\t\t\t\t\t\t\t\t\t\t\t<a href=\"https:\/\/www.kunstloft.ch\/10431-oel-gemaelde-liquid-marble\/\" target=\"_blank\">\n\t\t\t\t\t\t\t<img loading=\"lazy\" decoding=\"async\" width=\"950\" height=\"634\" src=\"https:\/\/www.kunstloft.ch\/magazin\/wp-content\/uploads\/2022\/12\/liquid-marble-1-1024x683.jpg\" class=\"elementor-animation-grow attachment-large size-large wp-image-340\" alt=\"\" srcset=\"https:\/\/www.kunstloft.ch\/magazin\/wp-content\/uploads\/2022\/12\/liquid-marble-1-1024x683.jpg 1024w, https:\/\/www.kunstloft.ch\/magazin\/wp-content\/uploads\/2022\/12\/liquid-marble-1-300x200.jpg 300w, https:\/\/www.kunstloft.ch\/magazin\/wp-content\/uploads\/2022\/12\/liquid-marble-1-768x512.jpg 768w, https:\/\/www.kunstloft.ch\/magazin\/wp-content\/uploads\/2022\/12\/liquid-marble-1-1536x1024.jpg 1536w, https:\/\/www.kunstloft.ch\/magazin\/wp-content\/uploads\/2022\/12\/liquid-marble-1.jpg 1920w\" sizes=\"100vw\" \/>\t\t\t\t\t\t\t\t<\/a>\n\t\t\t\t\t\t\t\t\t\t\t\t\t\t\t<\/div>\n\t\t\t\t<\/div>\n\t\t\t\t\t<\/div>\n\t\t<\/div>\n\t\t\t\t<div class=\"elementor-column elementor-col-50 elementor-top-column elementor-element elementor-element-59fc308\" data-id=\"59fc308\" data-element_type=\"column\">\n\t\t\t<div class=\"elementor-widget-wrap elementor-element-populated\">\n\t\t\t\t\t\t<div class=\"elementor-element elementor-element-b5ee7b5 elementor-widget elementor-widget-image\" data-id=\"b5ee7b5\" data-element_type=\"widget\" data-widget_type=\"image.default\">\n\t\t\t\t<div class=\"elementor-widget-container\">\n\t\t\t\t\t\t\t\t\t\t\t\t\t\t\t\t<a href=\"https:\/\/www.kunstloft.ch\/11615-oel-gemaelde-im-bann-des-saphir\/\" target=\"_blank\">\n\t\t\t\t\t\t\t<img loading=\"lazy\" decoding=\"async\" width=\"950\" height=\"634\" src=\"https:\/\/www.kunstloft.ch\/magazin\/wp-content\/uploads\/2022\/12\/kl09216-fluid-painting-blau-grau-oel-gemaelde-oel-bilder-handgemalte-unikate-moderne-kunst-0001-05-1024x683.jpg\" class=\"elementor-animation-grow attachment-large size-large wp-image-339\" alt=\"\" srcset=\"https:\/\/www.kunstloft.ch\/magazin\/wp-content\/uploads\/2022\/12\/kl09216-fluid-painting-blau-grau-oel-gemaelde-oel-bilder-handgemalte-unikate-moderne-kunst-0001-05-1024x683.jpg 1024w, https:\/\/www.kunstloft.ch\/magazin\/wp-content\/uploads\/2022\/12\/kl09216-fluid-painting-blau-grau-oel-gemaelde-oel-bilder-handgemalte-unikate-moderne-kunst-0001-05-300x200.jpg 300w, https:\/\/www.kunstloft.ch\/magazin\/wp-content\/uploads\/2022\/12\/kl09216-fluid-painting-blau-grau-oel-gemaelde-oel-bilder-handgemalte-unikate-moderne-kunst-0001-05-768x512.jpg 768w, https:\/\/www.kunstloft.ch\/magazin\/wp-content\/uploads\/2022\/12\/kl09216-fluid-painting-blau-grau-oel-gemaelde-oel-bilder-handgemalte-unikate-moderne-kunst-0001-05-1536x1024.jpg 1536w, https:\/\/www.kunstloft.ch\/magazin\/wp-content\/uploads\/2022\/12\/kl09216-fluid-painting-blau-grau-oel-gemaelde-oel-bilder-handgemalte-unikate-moderne-kunst-0001-05.jpg 1920w\" sizes=\"100vw\" \/>\t\t\t\t\t\t\t\t<\/a>\n\t\t\t\t\t\t\t\t\t\t\t\t\t\t\t<\/div>\n\t\t\t\t<\/div>\n\t\t\t\t\t<\/div>\n\t\t<\/div>\n\t\t\t\t\t<\/div>\n\t\t<\/section>\n\t\t\t\t<section class=\"elementor-section elementor-top-section elementor-element elementor-element-f6e262a elementor-section-boxed elementor-section-height-default elementor-section-height-default\" data-id=\"f6e262a\" data-element_type=\"section\">\n\t\t\t\t\t\t<div class=\"elementor-container elementor-column-gap-default\">\n\t\t\t\t\t<div class=\"elementor-column elementor-col-100 elementor-top-column elementor-element elementor-element-e8836e3\" data-id=\"e8836e3\" data-element_type=\"column\">\n\t\t\t<div class=\"elementor-widget-wrap elementor-element-populated\">\n\t\t\t\t\t\t<div class=\"elementor-element elementor-element-72ea846 elementor-widget elementor-widget-text-editor\" data-id=\"72ea846\" data-element_type=\"widget\" data-widget_type=\"text-editor.default\">\n\t\t\t\t<div class=\"elementor-widget-container\">\n\t\t\t\t\t\t\t\t\t<h4 style=\"font-size: 16px;\">Knallige Farben und pures Leben<\/h4><p style=\"color: #3f3c3a;\">Warum Pastell und Cremefarben, wenn es auch richtig bunt sein k\u00f6nnte? Leuchtende Farben verspr\u00fchen Energie und stecken mit ihrer Fr\u00f6hlichkeit an. Wenn Sie einen echten Hingucker suchen und Pep in einen Raum bringen m\u00f6chten, sind pr\u00e4chtige Farben Ihre Wahl.<\/p><p style=\"color: #3f3c3a;\"><span style=\"font-weight: bolder;\">Aber aufgepasst:<\/span>\u00a0Farben brauchen Platz, um zu wirken. Neutrale Wandfarbe und minimalistisches Mobiliar lassen knallige Farben in den Vordergrund treten, ohne dass der Raum \u00fcberladen wirkt.<\/p>\t\t\t\t\t\t\t\t<\/div>\n\t\t\t\t<\/div>\n\t\t\t\t\t<\/div>\n\t\t<\/div>\n\t\t\t\t\t<\/div>\n\t\t<\/section>\n\t\t\t\t<section class=\"elementor-section elementor-top-section elementor-element elementor-element-83f7eb9 elementor-section-boxed elementor-section-height-default elementor-section-height-default\" data-id=\"83f7eb9\" data-element_type=\"section\">\n\t\t\t\t\t\t<div class=\"elementor-container elementor-column-gap-default\">\n\t\t\t\t\t<div class=\"elementor-column elementor-col-100 elementor-top-column elementor-element elementor-element-dcdbcfe\" data-id=\"dcdbcfe\" data-element_type=\"column\">\n\t\t\t<div class=\"elementor-widget-wrap elementor-element-populated\">\n\t\t\t\t\t\t<div class=\"elementor-element elementor-element-408b830 elementor-widget elementor-widget-image\" data-id=\"408b830\" data-element_type=\"widget\" data-widget_type=\"image.default\">\n\t\t\t\t<div class=\"elementor-widget-container\">\n\t\t\t\t\t\t\t\t\t\t\t\t\t\t\t\t<a href=\"https:\/\/www.kunstloft.ch\/5610-acryl-gemaelde-combustion-of-colour\/\" target=\"_blank\">\n\t\t\t\t\t\t\t<img loading=\"lazy\" decoding=\"async\" width=\"950\" height=\"713\" src=\"https:\/\/www.kunstloft.ch\/magazin\/wp-content\/uploads\/2022\/12\/combustion-of-colour-1.jpg\" class=\"elementor-animation-grow attachment-large size-large wp-image-332\" alt=\"\" srcset=\"https:\/\/www.kunstloft.ch\/magazin\/wp-content\/uploads\/2022\/12\/combustion-of-colour-1.jpg 1000w, https:\/\/www.kunstloft.ch\/magazin\/wp-content\/uploads\/2022\/12\/combustion-of-colour-1-300x225.jpg 300w, https:\/\/www.kunstloft.ch\/magazin\/wp-content\/uploads\/2022\/12\/combustion-of-colour-1-768x576.jpg 768w\" sizes=\"100vw\" \/>\t\t\t\t\t\t\t\t<\/a>\n\t\t\t\t\t\t\t\t\t\t\t\t\t\t\t<\/div>\n\t\t\t\t<\/div>\n\t\t\t\t\t<\/div>\n\t\t<\/div>\n\t\t\t\t\t<\/div>\n\t\t<\/section>\n\t\t\t\t<section class=\"elementor-section elementor-top-section elementor-element elementor-element-3b669d0 elementor-section-boxed elementor-section-height-default elementor-section-height-default\" data-id=\"3b669d0\" data-element_type=\"section\">\n\t\t\t\t\t\t<div class=\"elementor-container elementor-column-gap-default\">\n\t\t\t\t\t<div class=\"elementor-column elementor-col-100 elementor-top-column elementor-element elementor-element-9a3be9e\" data-id=\"9a3be9e\" data-element_type=\"column\">\n\t\t\t<div class=\"elementor-widget-wrap elementor-element-populated\">\n\t\t\t\t\t\t<div class=\"elementor-element elementor-element-0a597b0 elementor-widget elementor-widget-spacer\" data-id=\"0a597b0\" data-element_type=\"widget\" data-widget_type=\"spacer.default\">\n\t\t\t\t<div class=\"elementor-widget-container\">\n\t\t\t\t\t\t\t<div class=\"elementor-spacer\">\n\t\t\t<div class=\"elementor-spacer-inner\"><\/div>\n\t\t<\/div>\n\t\t\t\t\t\t<\/div>\n\t\t\t\t<\/div>\n\t\t\t\t\t<\/div>\n\t\t<\/div>\n\t\t\t\t\t<\/div>\n\t\t<\/section>\n\t\t\t\t<section class=\"elementor-section elementor-top-section elementor-element elementor-element-59012d6 elementor-section-boxed elementor-section-height-default elementor-section-height-default\" data-id=\"59012d6\" data-element_type=\"section\">\n\t\t\t\t\t\t<div class=\"elementor-container elementor-column-gap-default\">\n\t\t\t\t\t<div class=\"elementor-column elementor-col-100 elementor-top-column elementor-element elementor-element-c26232f\" data-id=\"c26232f\" data-element_type=\"column\">\n\t\t\t<div class=\"elementor-widget-wrap elementor-element-populated\">\n\t\t\t\t\t\t<div class=\"elementor-element elementor-element-9c570be elementor-widget elementor-widget-heading\" data-id=\"9c570be\" data-element_type=\"widget\" id=\"motive-wohnzimmer\" data-widget_type=\"heading.default\">\n\t\t\t\t<div class=\"elementor-widget-container\">\n\t\t\t\t\t<h3 class=\"elementor-heading-title elementor-size-default\">Motiv-Ideen f\u00fcr moderne Bilder im Wohnzimmer<\/h3>\t\t\t\t<\/div>\n\t\t\t\t<\/div>\n\t\t\t\t\t<\/div>\n\t\t<\/div>\n\t\t\t\t\t<\/div>\n\t\t<\/section>\n\t\t\t\t<section class=\"elementor-section elementor-top-section elementor-element elementor-element-c5cf9ab elementor-section-boxed elementor-section-height-default elementor-section-height-default\" data-id=\"c5cf9ab\" data-element_type=\"section\">\n\t\t\t\t\t\t<div class=\"elementor-container elementor-column-gap-default\">\n\t\t\t\t\t<div class=\"elementor-column elementor-col-100 elementor-top-column elementor-element elementor-element-84774fc\" data-id=\"84774fc\" data-element_type=\"column\">\n\t\t\t<div class=\"elementor-widget-wrap elementor-element-populated\">\n\t\t\t\t\t\t<div class=\"elementor-element elementor-element-d60c4a5 elementor-widget elementor-widget-text-editor\" data-id=\"d60c4a5\" data-element_type=\"widget\" data-widget_type=\"text-editor.default\">\n\t\t\t\t<div class=\"elementor-widget-container\">\n\t\t\t\t\t\t\t\t\t<p style=\"color: #3f3c3a;\">Die Frage nach dem passenden Motiv ist die Schwierigste bei der Wandgestaltung im Wohnzimmer. Ab und zu passiert es, dass wir ein Gem\u00e4lde entdecken, das uns auf den ersten Blick anspricht und bei dem sofort klar ist: es geh\u00f6rt an unsere Wand. In den meisten F\u00e4llen kommt es aber auf die sorgf\u00e4ltige Komposition an. Lesen Sie unsere Tipps, wie Sie ein geeignetes Motiv finden.<\/p><h4 style=\"font-size: 16px;\">Abstrakte Wandbilder f\u00fcr modernes Flair<\/h4><p style=\"color: #3f3c3a;\">Abstrakte Gem\u00e4lde haben die F\u00e4higkeit einen Raum in Energie zu tauchen. Formen und Verl\u00e4ufe, Pinselstriche und geometrische Formen strahlen eine Wirkung aus, die von anregend bis beruhigend-meditativ das ganze Spektrum bedient. Das Gro\u00dfartige an abstrakten Bildern \u2013 sie lassen sich leicht in verschiedene Einrichtungsstile integrieren. Ob Landhaus und Vintage oder moderne M\u00f6blierung, abstrakte Motive sind flexibel und f\u00fcgen sich in Ihr Zuhause und Ihren individuellen Stil ein.<\/p><p style=\"color: #3f3c3a;\"><span style=\"font-weight: bolder;\">\u00dcbrigens<\/span>: Genauso individuell wie Ihr Wohnzimmer sind auch die Bilder bei KunstLoft. Alle unsere\u00a0<a href=\"https:\/\/www.kunstloft.ch\/handgemalte-bilder\/\">gemalten Kunstwerke<\/a>\u00a0sind Unikate, die nur einmal erworben werden k\u00f6nnen und die Signatur ihres K\u00fcnstlers tragen. Sichern Sie sich Ihr Lieblingsst\u00fcck!<\/p><p style=\"color: #3f3c3a;\">Abstrakte Gem\u00e4lde f\u00fcgen sich in ihre Umgebung ein und lassen Raum f\u00fcr Interpretation \u2013 KunstLoft liefert Ihnen moderne Bilderideen f\u00fcrs Wohnzimmer.<\/p>\t\t\t\t\t\t\t\t<\/div>\n\t\t\t\t<\/div>\n\t\t\t\t\t<\/div>\n\t\t<\/div>\n\t\t\t\t\t<\/div>\n\t\t<\/section>\n\t\t\t\t<section class=\"elementor-section elementor-top-section elementor-element elementor-element-ce7d4ad elementor-section-boxed elementor-section-height-default elementor-section-height-default\" data-id=\"ce7d4ad\" data-element_type=\"section\">\n\t\t\t\t\t\t<div class=\"elementor-container elementor-column-gap-default\">\n\t\t\t\t\t<div class=\"elementor-column elementor-col-100 elementor-top-column elementor-element elementor-element-34c4dcf\" data-id=\"34c4dcf\" data-element_type=\"column\">\n\t\t\t<div class=\"elementor-widget-wrap elementor-element-populated\">\n\t\t\t\t\t\t<div class=\"elementor-element elementor-element-7ec2091 elementor-align-center elementor-widget elementor-widget-button\" data-id=\"7ec2091\" data-element_type=\"widget\" data-widget_type=\"button.default\">\n\t\t\t\t<div class=\"elementor-widget-container\">\n\t\t\t\t\t\t\t\t\t<div class=\"elementor-button-wrapper\">\n\t\t\t\t\t<a class=\"elementor-button elementor-button-link elementor-size-sm\" href=\"https:\/\/www.kunstloft.ch\/abstrakte-wandbilder\/\">\n\t\t\t\t\t\t<span class=\"elementor-button-content-wrapper\">\n\t\t\t\t\t\t\t\t\t<span class=\"elementor-button-text\">Abstrakte Wandbilder entdecken &gt;<\/span>\n\t\t\t\t\t<\/span>\n\t\t\t\t\t<\/a>\n\t\t\t\t<\/div>\n\t\t\t\t\t\t\t\t<\/div>\n\t\t\t\t<\/div>\n\t\t\t\t\t<\/div>\n\t\t<\/div>\n\t\t\t\t\t<\/div>\n\t\t<\/section>\n\t\t\t\t<section class=\"elementor-section elementor-top-section elementor-element elementor-element-f8052dd elementor-section-boxed elementor-section-height-default elementor-section-height-default\" data-id=\"f8052dd\" data-element_type=\"section\">\n\t\t\t\t\t\t<div class=\"elementor-container elementor-column-gap-default\">\n\t\t\t\t\t<div class=\"elementor-column elementor-col-100 elementor-top-column elementor-element elementor-element-3279a65\" data-id=\"3279a65\" data-element_type=\"column\">\n\t\t\t<div class=\"elementor-widget-wrap elementor-element-populated\">\n\t\t\t\t\t\t<div class=\"elementor-element elementor-element-b6aa0e8 elementor-widget elementor-widget-spacer\" data-id=\"b6aa0e8\" data-element_type=\"widget\" data-widget_type=\"spacer.default\">\n\t\t\t\t<div class=\"elementor-widget-container\">\n\t\t\t\t\t\t\t<div class=\"elementor-spacer\">\n\t\t\t<div class=\"elementor-spacer-inner\"><\/div>\n\t\t<\/div>\n\t\t\t\t\t\t<\/div>\n\t\t\t\t<\/div>\n\t\t\t\t\t<\/div>\n\t\t<\/div>\n\t\t\t\t\t<\/div>\n\t\t<\/section>\n\t\t\t\t<section class=\"elementor-section elementor-top-section elementor-element elementor-element-9bd3d0d elementor-section-boxed elementor-section-height-default elementor-section-height-default\" data-id=\"9bd3d0d\" data-element_type=\"section\">\n\t\t\t\t\t\t<div class=\"elementor-container elementor-column-gap-default\">\n\t\t\t\t\t<div class=\"elementor-column elementor-col-50 elementor-top-column elementor-element elementor-element-355e25c\" data-id=\"355e25c\" data-element_type=\"column\">\n\t\t\t<div class=\"elementor-widget-wrap elementor-element-populated\">\n\t\t\t\t\t\t<div class=\"elementor-element elementor-element-14d9856 elementor-widget elementor-widget-image\" data-id=\"14d9856\" data-element_type=\"widget\" data-widget_type=\"image.default\">\n\t\t\t\t<div class=\"elementor-widget-container\">\n\t\t\t\t\t\t\t\t\t\t\t\t\t\t\t\t<a href=\"https:\/\/www.kunstloft.ch\/4170-acryl-gemaelde-singendes-wasser\/\" target=\"_blank\">\n\t\t\t\t\t\t\t<img loading=\"lazy\" decoding=\"async\" width=\"950\" height=\"794\" src=\"https:\/\/www.kunstloft.ch\/magazin\/wp-content\/uploads\/2022\/12\/singendes-wasser-1.jpg\" class=\"elementor-animation-grow attachment-large size-large wp-image-342\" alt=\"\" srcset=\"https:\/\/www.kunstloft.ch\/magazin\/wp-content\/uploads\/2022\/12\/singendes-wasser-1.jpg 1000w, https:\/\/www.kunstloft.ch\/magazin\/wp-content\/uploads\/2022\/12\/singendes-wasser-1-300x251.jpg 300w, https:\/\/www.kunstloft.ch\/magazin\/wp-content\/uploads\/2022\/12\/singendes-wasser-1-768x642.jpg 768w\" sizes=\"100vw\" \/>\t\t\t\t\t\t\t\t<\/a>\n\t\t\t\t\t\t\t\t\t\t\t\t\t\t\t<\/div>\n\t\t\t\t<\/div>\n\t\t\t\t\t<\/div>\n\t\t<\/div>\n\t\t\t\t<div class=\"elementor-column elementor-col-50 elementor-top-column elementor-element elementor-element-fc7826b\" data-id=\"fc7826b\" data-element_type=\"column\">\n\t\t\t<div class=\"elementor-widget-wrap elementor-element-populated\">\n\t\t\t\t\t\t<div class=\"elementor-element elementor-element-6c170ca elementor-widget elementor-widget-image\" data-id=\"6c170ca\" data-element_type=\"widget\" data-widget_type=\"image.default\">\n\t\t\t\t<div class=\"elementor-widget-container\">\n\t\t\t\t\t\t\t\t\t\t\t\t\t\t\t\t<a href=\"https:\/\/www.kunstloft.ch\/2681-acryl-gemaelde-wegbereiter\/\" target=\"_blank\">\n\t\t\t\t\t\t\t<img loading=\"lazy\" decoding=\"async\" width=\"950\" height=\"706\" src=\"https:\/\/www.kunstloft.ch\/magazin\/wp-content\/uploads\/2022\/12\/KL02475-abstrakt-blau-beige-modern-acryl-gemaelde-oel-bild-oelgemaelde-1024x761.png\" class=\"elementor-animation-grow attachment-large size-large wp-image-337\" alt=\"\" srcset=\"https:\/\/www.kunstloft.ch\/magazin\/wp-content\/uploads\/2022\/12\/KL02475-abstrakt-blau-beige-modern-acryl-gemaelde-oel-bild-oelgemaelde-1024x761.png 1024w, https:\/\/www.kunstloft.ch\/magazin\/wp-content\/uploads\/2022\/12\/KL02475-abstrakt-blau-beige-modern-acryl-gemaelde-oel-bild-oelgemaelde-300x223.png 300w, https:\/\/www.kunstloft.ch\/magazin\/wp-content\/uploads\/2022\/12\/KL02475-abstrakt-blau-beige-modern-acryl-gemaelde-oel-bild-oelgemaelde-768x571.png 768w, https:\/\/www.kunstloft.ch\/magazin\/wp-content\/uploads\/2022\/12\/KL02475-abstrakt-blau-beige-modern-acryl-gemaelde-oel-bild-oelgemaelde.png 1142w\" sizes=\"100vw\" \/>\t\t\t\t\t\t\t\t<\/a>\n\t\t\t\t\t\t\t\t\t\t\t\t\t\t\t<\/div>\n\t\t\t\t<\/div>\n\t\t\t\t\t<\/div>\n\t\t<\/div>\n\t\t\t\t\t<\/div>\n\t\t<\/section>\n\t\t\t\t<section class=\"elementor-section elementor-top-section elementor-element elementor-element-319b744 elementor-section-boxed elementor-section-height-default elementor-section-height-default\" data-id=\"319b744\" data-element_type=\"section\">\n\t\t\t\t\t\t<div class=\"elementor-container elementor-column-gap-default\">\n\t\t\t\t\t<div class=\"elementor-column elementor-col-100 elementor-top-column elementor-element elementor-element-926b7d0\" data-id=\"926b7d0\" data-element_type=\"column\">\n\t\t\t<div class=\"elementor-widget-wrap elementor-element-populated\">\n\t\t\t\t\t\t<div class=\"elementor-element elementor-element-c5e0120 elementor-widget elementor-widget-text-editor\" data-id=\"c5e0120\" data-element_type=\"widget\" data-widget_type=\"text-editor.default\">\n\t\t\t\t<div class=\"elementor-widget-container\">\n\t\t\t\t\t\t\t\t\t<p style=\"color: #3f3c3a;\"><span style=\"font-weight: bolder;\">Tipp<\/span>: Zu jedem Gem\u00e4lde bei KunstLoft finden Sie eine Beschreibung, die in Worte fasst, welche Stimmung das Bild transportiert. Lassen Sie die Darstellung auf sich wirken und visualisieren Sie, wie das Gem\u00e4lde in Ihrem Wohnzimmer aussehen w\u00fcrde. Mithilfe unserer Funktion \u201e<a href=\"https:\/\/www.kunstloft.at\/probehaengen\/\">Virtuelles Probeh\u00e4ngen<\/a>\u201c k\u00f6nnen Sie Ihr Wunschgem\u00e4lde ganz einfach an Ihre Wand projizieren und ausprobieren, wo es am besten wirkt.<\/p><h4 style=\"font-size: 16px;\">Street Art im Wohnzimmer<\/h4><p style=\"color: #3f3c3a;\">Ein klares Statement setzen Sie mit konkreten Motiven. Street Art bietet sich daf\u00fcr in besonderer Weise an. Holen Sie sich die Botschaft von der Stra\u00dfe ins Wohnzimmer und setzen Sie ein Zeichen f\u00fcr die Liebe, das Leben oder ein politisches Thema, das Ihnen am Herzen liegt. Street Art lockert moderne Einrichtungen auf und regt zum Nachdenken an. Besonders beliebt sind Motive von Banksy, die mit ihrem gewissen Etwas ein Schmunzeln \u00fcber die Lippen des Betrachters huschen lassen. Erfahren Sie mehr \u00fcber bekannte Street-Art-K\u00fcnstler, deren Spr\u00fchkunst auf Hausw\u00e4nden schon l\u00e4ngst zu historischen Kunstwerken geworden sind.<\/p><p style=\"color: #3f3c3a;\">Frech und stilvoll zugleich: Bilder von Banksy im Wohnzimmer.<\/p>\t\t\t\t\t\t\t\t<\/div>\n\t\t\t\t<\/div>\n\t\t\t\t\t<\/div>\n\t\t<\/div>\n\t\t\t\t\t<\/div>\n\t\t<\/section>\n\t\t\t\t<section class=\"elementor-section elementor-top-section elementor-element elementor-element-6f0f633 elementor-section-boxed elementor-section-height-default elementor-section-height-default\" data-id=\"6f0f633\" data-element_type=\"section\">\n\t\t\t\t\t\t<div class=\"elementor-container elementor-column-gap-default\">\n\t\t\t\t\t<div class=\"elementor-column elementor-col-100 elementor-top-column elementor-element elementor-element-62eeb27\" data-id=\"62eeb27\" data-element_type=\"column\">\n\t\t\t<div class=\"elementor-widget-wrap elementor-element-populated\">\n\t\t\t\t\t\t<div class=\"elementor-element elementor-element-a43ef6f elementor-widget elementor-widget-image\" data-id=\"a43ef6f\" data-element_type=\"widget\" data-widget_type=\"image.default\">\n\t\t\t\t<div class=\"elementor-widget-container\">\n\t\t\t\t\t\t\t\t\t\t\t\t\t\t\t\t<a href=\"https:\/\/www.kunstloft.ch\/10196-oel-gemaelde-banksys-zebra\/\" target=\"_blank\">\n\t\t\t\t\t\t\t<img loading=\"lazy\" decoding=\"async\" width=\"950\" height=\"633\" src=\"https:\/\/www.kunstloft.ch\/magazin\/wp-content\/uploads\/2022\/12\/banksy-zebra-1.jpg\" class=\"elementor-animation-grow attachment-large size-large wp-image-330\" alt=\"\" srcset=\"https:\/\/www.kunstloft.ch\/magazin\/wp-content\/uploads\/2022\/12\/banksy-zebra-1.jpg 1000w, https:\/\/www.kunstloft.ch\/magazin\/wp-content\/uploads\/2022\/12\/banksy-zebra-1-300x200.jpg 300w, https:\/\/www.kunstloft.ch\/magazin\/wp-content\/uploads\/2022\/12\/banksy-zebra-1-768x511.jpg 768w\" sizes=\"100vw\" \/>\t\t\t\t\t\t\t\t<\/a>\n\t\t\t\t\t\t\t\t\t\t\t\t\t\t\t<\/div>\n\t\t\t\t<\/div>\n\t\t\t\t\t<\/div>\n\t\t<\/div>\n\t\t\t\t\t<\/div>\n\t\t<\/section>\n\t\t\t\t<section class=\"elementor-section elementor-top-section elementor-element elementor-element-0ec7b00 elementor-section-boxed elementor-section-height-default elementor-section-height-default\" data-id=\"0ec7b00\" data-element_type=\"section\">\n\t\t\t\t\t\t<div class=\"elementor-container elementor-column-gap-default\">\n\t\t\t\t\t<div class=\"elementor-column elementor-col-100 elementor-top-column elementor-element elementor-element-09869bb\" data-id=\"09869bb\" data-element_type=\"column\">\n\t\t\t<div class=\"elementor-widget-wrap elementor-element-populated\">\n\t\t\t\t\t\t<div class=\"elementor-element elementor-element-b59587c elementor-align-center elementor-widget elementor-widget-button\" data-id=\"b59587c\" data-element_type=\"widget\" data-widget_type=\"button.default\">\n\t\t\t\t<div class=\"elementor-widget-container\">\n\t\t\t\t\t\t\t\t\t<div class=\"elementor-button-wrapper\">\n\t\t\t\t\t<a class=\"elementor-button elementor-button-link elementor-size-sm\" href=\"https:\/\/www.kunstloft.ch\/banksy\/\">\n\t\t\t\t\t\t<span class=\"elementor-button-content-wrapper\">\n\t\t\t\t\t\t\t\t\t<span class=\"elementor-button-text\">Mehr Street Art von Banksy &gt;<\/span>\n\t\t\t\t\t<\/span>\n\t\t\t\t\t<\/a>\n\t\t\t\t<\/div>\n\t\t\t\t\t\t\t\t<\/div>\n\t\t\t\t<\/div>\n\t\t\t\t\t<\/div>\n\t\t<\/div>\n\t\t\t\t\t<\/div>\n\t\t<\/section>\n\t\t\t\t<section class=\"elementor-section elementor-top-section elementor-element elementor-element-bf7e882 elementor-section-boxed elementor-section-height-default elementor-section-height-default\" data-id=\"bf7e882\" data-element_type=\"section\">\n\t\t\t\t\t\t<div class=\"elementor-container elementor-column-gap-default\">\n\t\t\t\t\t<div class=\"elementor-column elementor-col-100 elementor-top-column elementor-element elementor-element-1ee809f\" data-id=\"1ee809f\" data-element_type=\"column\">\n\t\t\t<div class=\"elementor-widget-wrap elementor-element-populated\">\n\t\t\t\t\t\t<div class=\"elementor-element elementor-element-753a49a elementor-widget elementor-widget-text-editor\" data-id=\"753a49a\" data-element_type=\"widget\" data-widget_type=\"text-editor.default\">\n\t\t\t\t<div class=\"elementor-widget-container\">\n\t\t\t\t\t\t\t\t\t<h4 style=\"font-size: 16px;\">Der Klassiker: Landschaftsbilder<\/h4><p style=\"color: #3f3c3a;\">Ob Fotografie oder Gem\u00e4lde, Landschaftsbilder sind zeitlose Motive, die die Eleganz und Majest\u00e4t der Natur einfangen und ihre beruhigende Wirkung in Ihr Zuhause tragen. Landschaftsbilder gibt es in unz\u00e4hligen Stilformen und Varianten. Deshalb gibt es auch f\u00fcr jeden Einrichtungsstil passende Landschaftsmotive: Lavendel und Landhaus, Meer und Moderne, Berge und Boho, Seen und Skandi. W\u00e4hlen Sie zwischen abstrakteren und realistischeren Darstellungen und achten Sie auch auf die Farbkombinationen, die dadurch in Ihrem Wohnzimmer entstehen.<\/p>\t\t\t\t\t\t\t\t<\/div>\n\t\t\t\t<\/div>\n\t\t\t\t\t<\/div>\n\t\t<\/div>\n\t\t\t\t\t<\/div>\n\t\t<\/section>\n\t\t\t\t<section class=\"elementor-section elementor-top-section elementor-element elementor-element-4be5022 elementor-section-boxed elementor-section-height-default elementor-section-height-default\" data-id=\"4be5022\" data-element_type=\"section\">\n\t\t\t\t\t\t<div class=\"elementor-container elementor-column-gap-default\">\n\t\t\t\t\t<div class=\"elementor-column elementor-col-33 elementor-top-column elementor-element elementor-element-65cba51\" data-id=\"65cba51\" data-element_type=\"column\">\n\t\t\t<div class=\"elementor-widget-wrap elementor-element-populated\">\n\t\t\t\t\t\t<div class=\"elementor-element elementor-element-f25e7cd elementor-widget elementor-widget-image\" data-id=\"f25e7cd\" data-element_type=\"widget\" data-widget_type=\"image.default\">\n\t\t\t\t<div class=\"elementor-widget-container\">\n\t\t\t\t\t\t\t\t\t\t\t\t\t\t\t\t<a href=\"https:\/\/www.kunstloft.ch\/1495-acryl-gemaelde-jardin-de-playa\/\" target=\"_blank\">\n\t\t\t\t\t\t\t<img loading=\"lazy\" decoding=\"async\" width=\"888\" height=\"767\" src=\"https:\/\/www.kunstloft.ch\/magazin\/wp-content\/uploads\/2022\/12\/kl01215-strand-blumen-meer-natur-modern-acryl-gemaelde-oel-bild.png\" class=\"elementor-animation-grow attachment-large size-large wp-image-336\" alt=\"\" srcset=\"https:\/\/www.kunstloft.ch\/magazin\/wp-content\/uploads\/2022\/12\/kl01215-strand-blumen-meer-natur-modern-acryl-gemaelde-oel-bild.png 888w, https:\/\/www.kunstloft.ch\/magazin\/wp-content\/uploads\/2022\/12\/kl01215-strand-blumen-meer-natur-modern-acryl-gemaelde-oel-bild-300x259.png 300w, https:\/\/www.kunstloft.ch\/magazin\/wp-content\/uploads\/2022\/12\/kl01215-strand-blumen-meer-natur-modern-acryl-gemaelde-oel-bild-768x663.png 768w\" sizes=\"100vw\" \/>\t\t\t\t\t\t\t\t<\/a>\n\t\t\t\t\t\t\t\t\t\t\t\t\t\t\t<\/div>\n\t\t\t\t<\/div>\n\t\t\t\t\t<\/div>\n\t\t<\/div>\n\t\t\t\t<div class=\"elementor-column elementor-col-33 elementor-top-column elementor-element elementor-element-1dddfdb\" data-id=\"1dddfdb\" data-element_type=\"column\">\n\t\t\t<div class=\"elementor-widget-wrap elementor-element-populated\">\n\t\t\t\t\t\t<div class=\"elementor-element elementor-element-06ccb73 elementor-widget elementor-widget-image\" data-id=\"06ccb73\" data-element_type=\"widget\" data-widget_type=\"image.default\">\n\t\t\t\t<div class=\"elementor-widget-container\">\n\t\t\t\t\t\t\t\t\t\t\t\t\t\t\t\t<a href=\"https:\/\/www.kunstloft.ch\/5824-oel-gemaelde-mondgebirge\/\" target=\"_blank\">\n\t\t\t\t\t\t\t<img loading=\"lazy\" decoding=\"async\" width=\"950\" height=\"633\" src=\"https:\/\/www.kunstloft.ch\/magazin\/wp-content\/uploads\/2022\/12\/mondgebirge-1.jpg\" class=\"elementor-animation-grow attachment-large size-large wp-image-341\" alt=\"\" srcset=\"https:\/\/www.kunstloft.ch\/magazin\/wp-content\/uploads\/2022\/12\/mondgebirge-1.jpg 1000w, https:\/\/www.kunstloft.ch\/magazin\/wp-content\/uploads\/2022\/12\/mondgebirge-1-300x200.jpg 300w, https:\/\/www.kunstloft.ch\/magazin\/wp-content\/uploads\/2022\/12\/mondgebirge-1-768x511.jpg 768w\" sizes=\"100vw\" \/>\t\t\t\t\t\t\t\t<\/a>\n\t\t\t\t\t\t\t\t\t\t\t\t\t\t\t<\/div>\n\t\t\t\t<\/div>\n\t\t\t\t\t<\/div>\n\t\t<\/div>\n\t\t\t\t<div class=\"elementor-column elementor-col-33 elementor-top-column elementor-element elementor-element-51dcecd\" data-id=\"51dcecd\" data-element_type=\"column\">\n\t\t\t<div class=\"elementor-widget-wrap elementor-element-populated\">\n\t\t\t\t\t\t<div class=\"elementor-element elementor-element-511e7d7 elementor-widget elementor-widget-image\" data-id=\"511e7d7\" data-element_type=\"widget\" data-widget_type=\"image.default\">\n\t\t\t\t<div class=\"elementor-widget-container\">\n\t\t\t\t\t\t\t\t\t\t\t\t\t\t\t\t<a href=\"https:\/\/www.kunstloft.ch\/7063-acryl-gemaelde-schoenheit-der-wueste\/\" target=\"_blank\">\n\t\t\t\t\t\t\t<img loading=\"lazy\" decoding=\"async\" width=\"950\" height=\"740\" src=\"https:\/\/www.kunstloft.ch\/magazin\/wp-content\/uploads\/2022\/12\/kl06431-landschaften-bunt-gruen-acryl-gemaelde-acryl-bilder-leinwandbilder-moderne-kunst-04-1024x798.jpg\" class=\"attachment-large size-large wp-image-338\" alt=\"\" srcset=\"https:\/\/www.kunstloft.ch\/magazin\/wp-content\/uploads\/2022\/12\/kl06431-landschaften-bunt-gruen-acryl-gemaelde-acryl-bilder-leinwandbilder-moderne-kunst-04-1024x798.jpg 1024w, https:\/\/www.kunstloft.ch\/magazin\/wp-content\/uploads\/2022\/12\/kl06431-landschaften-bunt-gruen-acryl-gemaelde-acryl-bilder-leinwandbilder-moderne-kunst-04-300x234.jpg 300w, https:\/\/www.kunstloft.ch\/magazin\/wp-content\/uploads\/2022\/12\/kl06431-landschaften-bunt-gruen-acryl-gemaelde-acryl-bilder-leinwandbilder-moderne-kunst-04-768x599.jpg 768w, https:\/\/www.kunstloft.ch\/magazin\/wp-content\/uploads\/2022\/12\/kl06431-landschaften-bunt-gruen-acryl-gemaelde-acryl-bilder-leinwandbilder-moderne-kunst-04-1536x1198.jpg 1536w, https:\/\/www.kunstloft.ch\/magazin\/wp-content\/uploads\/2022\/12\/kl06431-landschaften-bunt-gruen-acryl-gemaelde-acryl-bilder-leinwandbilder-moderne-kunst-04.jpg 1920w\" sizes=\"100vw\" \/>\t\t\t\t\t\t\t\t<\/a>\n\t\t\t\t\t\t\t\t\t\t\t\t\t\t\t<\/div>\n\t\t\t\t<\/div>\n\t\t\t\t\t<\/div>\n\t\t<\/div>\n\t\t\t\t\t<\/div>\n\t\t<\/section>\n\t\t\t\t<section class=\"elementor-section elementor-top-section elementor-element elementor-element-8fa02c0 elementor-section-boxed elementor-section-height-default elementor-section-height-default\" data-id=\"8fa02c0\" data-element_type=\"section\">\n\t\t\t\t\t\t<div class=\"elementor-container elementor-column-gap-default\">\n\t\t\t\t\t<div class=\"elementor-column elementor-col-100 elementor-top-column elementor-element elementor-element-98e1bdb\" data-id=\"98e1bdb\" data-element_type=\"column\">\n\t\t\t<div class=\"elementor-widget-wrap elementor-element-populated\">\n\t\t\t\t\t\t<div class=\"elementor-element elementor-element-98d7774 elementor-align-center elementor-widget elementor-widget-button\" data-id=\"98d7774\" data-element_type=\"widget\" data-widget_type=\"button.default\">\n\t\t\t\t<div class=\"elementor-widget-container\">\n\t\t\t\t\t\t\t\t\t<div class=\"elementor-button-wrapper\">\n\t\t\t\t\t<a class=\"elementor-button elementor-button-link elementor-size-sm\" href=\"https:\/\/www.kunstloft.ch\/landschaften\/\">\n\t\t\t\t\t\t<span class=\"elementor-button-content-wrapper\">\n\t\t\t\t\t\t\t\t\t<span class=\"elementor-button-text\">Landschaftsbilder entdecken &gt;<\/span>\n\t\t\t\t\t<\/span>\n\t\t\t\t\t<\/a>\n\t\t\t\t<\/div>\n\t\t\t\t\t\t\t\t<\/div>\n\t\t\t\t<\/div>\n\t\t\t\t\t<\/div>\n\t\t<\/div>\n\t\t\t\t\t<\/div>\n\t\t<\/section>\n\t\t\t\t<section class=\"elementor-section elementor-top-section elementor-element elementor-element-358dfeb elementor-section-boxed elementor-section-height-default elementor-section-height-default\" data-id=\"358dfeb\" data-element_type=\"section\">\n\t\t\t\t\t\t<div class=\"elementor-container elementor-column-gap-default\">\n\t\t\t\t\t<div class=\"elementor-column elementor-col-100 elementor-top-column elementor-element elementor-element-8d6a8bf\" data-id=\"8d6a8bf\" data-element_type=\"column\">\n\t\t\t<div class=\"elementor-widget-wrap elementor-element-populated\">\n\t\t\t\t\t\t<div class=\"elementor-element elementor-element-c88b86e elementor-widget elementor-widget-spacer\" data-id=\"c88b86e\" data-element_type=\"widget\" data-widget_type=\"spacer.default\">\n\t\t\t\t<div class=\"elementor-widget-container\">\n\t\t\t\t\t\t\t<div class=\"elementor-spacer\">\n\t\t\t<div class=\"elementor-spacer-inner\"><\/div>\n\t\t<\/div>\n\t\t\t\t\t\t<\/div>\n\t\t\t\t<\/div>\n\t\t\t\t\t<\/div>\n\t\t<\/div>\n\t\t\t\t\t<\/div>\n\t\t<\/section>\n\t\t\t\t<section class=\"elementor-section elementor-top-section elementor-element elementor-element-fa3f5eb elementor-section-boxed elementor-section-height-default elementor-section-height-default\" data-id=\"fa3f5eb\" data-element_type=\"section\">\n\t\t\t\t\t\t<div class=\"elementor-container elementor-column-gap-default\">\n\t\t\t\t\t<div class=\"elementor-column elementor-col-100 elementor-top-column elementor-element elementor-element-0b4c022\" data-id=\"0b4c022\" data-element_type=\"column\">\n\t\t\t<div class=\"elementor-widget-wrap elementor-element-populated\">\n\t\t\t\t\t\t<div class=\"elementor-element elementor-element-d64b5c0 elementor-widget elementor-widget-heading\" data-id=\"d64b5c0\" data-element_type=\"widget\" id=\"wandbilder-wohnzimmer\" data-widget_type=\"heading.default\">\n\t\t\t\t<div class=\"elementor-widget-container\">\n\t\t\t\t\t<h2 class=\"elementor-heading-title elementor-size-default\">Worauf Sie bei Wandbildern im Wohnzimmer achten sollten<\/h2>\t\t\t\t<\/div>\n\t\t\t\t<\/div>\n\t\t\t\t\t<\/div>\n\t\t<\/div>\n\t\t\t\t\t<\/div>\n\t\t<\/section>\n\t\t\t\t<section class=\"elementor-section elementor-top-section elementor-element elementor-element-7ec2a1c elementor-section-boxed elementor-section-height-default elementor-section-height-default\" data-id=\"7ec2a1c\" data-element_type=\"section\">\n\t\t\t\t\t\t<div class=\"elementor-container elementor-column-gap-default\">\n\t\t\t\t\t<div class=\"elementor-column elementor-col-100 elementor-top-column elementor-element elementor-element-e1b3a5d\" data-id=\"e1b3a5d\" data-element_type=\"column\">\n\t\t\t<div class=\"elementor-widget-wrap elementor-element-populated\">\n\t\t\t\t\t\t<div class=\"elementor-element elementor-element-2bddca8 elementor-widget elementor-widget-text-editor\" data-id=\"2bddca8\" data-element_type=\"widget\" data-widget_type=\"text-editor.default\">\n\t\t\t\t<div class=\"elementor-widget-container\">\n\t\t\t\t\t\t\t\t\t<p><span style=\"color: #3f3c3a;\">Sie haben noch Fragen zur Aufh\u00e4ngung von Bildern im Wohnzimmer? Wir haben die wichtigsten Antworten f\u00fcr Sie gesammelt. Lesen Sie praktische Tipps rund um die Wandgestaltung im Wohnzimmer.<\/span><\/p>\t\t\t\t\t\t\t\t<\/div>\n\t\t\t\t<\/div>\n\t\t\t\t\t<\/div>\n\t\t<\/div>\n\t\t\t\t\t<\/div>\n\t\t<\/section>\n\t\t\t\t<section class=\"elementor-section elementor-top-section elementor-element elementor-element-6cc2976 elementor-section-boxed elementor-section-height-default elementor-section-height-default\" data-id=\"6cc2976\" data-element_type=\"section\">\n\t\t\t\t\t\t<div class=\"elementor-container elementor-column-gap-default\">\n\t\t\t\t\t<div class=\"elementor-column elementor-col-100 elementor-top-column elementor-element elementor-element-3271755\" data-id=\"3271755\" data-element_type=\"column\">\n\t\t\t<div class=\"elementor-widget-wrap elementor-element-populated\">\n\t\t\t\t\t\t<div class=\"elementor-element elementor-element-f7dab90 elementor-widget elementor-widget-heading\" data-id=\"f7dab90\" data-element_type=\"widget\" data-widget_type=\"heading.default\">\n\t\t\t\t<div class=\"elementor-widget-container\">\n\t\t\t\t\t<h3 class=\"elementor-heading-title elementor-size-default\">Wie hoch sollten Bilder im Wohnzimmer aufgeh\u00e4ngt werden?<\/h3>\t\t\t\t<\/div>\n\t\t\t\t<\/div>\n\t\t\t\t\t<\/div>\n\t\t<\/div>\n\t\t\t\t\t<\/div>\n\t\t<\/section>\n\t\t\t\t<section class=\"elementor-section elementor-top-section elementor-element elementor-element-1243577 elementor-section-boxed elementor-section-height-default elementor-section-height-default\" data-id=\"1243577\" data-element_type=\"section\">\n\t\t\t\t\t\t<div class=\"elementor-container elementor-column-gap-default\">\n\t\t\t\t\t<div class=\"elementor-column elementor-col-100 elementor-top-column elementor-element elementor-element-0991097\" data-id=\"0991097\" data-element_type=\"column\">\n\t\t\t<div class=\"elementor-widget-wrap elementor-element-populated\">\n\t\t\t\t\t\t<div class=\"elementor-element elementor-element-4cd35ee elementor-widget elementor-widget-text-editor\" data-id=\"4cd35ee\" data-element_type=\"widget\" data-widget_type=\"text-editor.default\">\n\t\t\t\t<div class=\"elementor-widget-container\">\n\t\t\t\t\t\t\t\t\t<p style=\"color: #3f3c3a;\">Typischerweise h\u00e4ngen Sie Bilder so auf, dass sie gut betrachtet werden k\u00f6nnen \u2013 also auf Augenh\u00f6he. Ausgehend von einer durchschnittlichen Gr\u00f6\u00dfe von 170 Zentimetern, liegt etwa ein Drittel des Bildes \u00fcber der Augenh\u00f6he, zwei Drittel des Bildes h\u00e4ngen tiefer. Auf diese Weise haben Sie einen optimalen Blick auf das gesamte Kunstwerk. Nat\u00fcrlich handelt es sich dabei nur um eine Richtlinie. Sie k\u00f6nnen die Bilder in Ihrem Wohnzimmer beispielsweise auch auf Sitzh\u00f6he aufh\u00e4ngen. Experimentieren Sie mit der H\u00f6he und finden Sie die passende Aufh\u00e4ngung f\u00fcr Ihr Bild.<\/p><p style=\"color: #3f3c3a;\"><span style=\"font-weight: bolder;\">\u00dcbrigens<\/span>: Bei KunstLoft finden Sie nicht nur die Zentimeter-Ma\u00dfangaben zu den Bildern, sondern auch den proportionalen Gr\u00f6\u00dfenvergleich zu einer Person. So k\u00f6nnen Sie ein Gef\u00fchl daf\u00fcr entwickeln, wie gro\u00df das Gem\u00e4lde ist und wo es am besten hinpasst.<\/p>\t\t\t\t\t\t\t\t<\/div>\n\t\t\t\t<\/div>\n\t\t\t\t\t<\/div>\n\t\t<\/div>\n\t\t\t\t\t<\/div>\n\t\t<\/section>\n\t\t\t\t<section class=\"elementor-section elementor-top-section elementor-element elementor-element-0de3f7b elementor-section-boxed elementor-section-height-default elementor-section-height-default\" data-id=\"0de3f7b\" data-element_type=\"section\">\n\t\t\t\t\t\t<div class=\"elementor-container elementor-column-gap-default\">\n\t\t\t\t\t<div class=\"elementor-column elementor-col-100 elementor-top-column elementor-element elementor-element-c424677\" data-id=\"c424677\" data-element_type=\"column\">\n\t\t\t<div class=\"elementor-widget-wrap elementor-element-populated\">\n\t\t\t\t\t\t<div class=\"elementor-element elementor-element-868092e elementor-widget elementor-widget-heading\" data-id=\"868092e\" data-element_type=\"widget\" data-widget_type=\"heading.default\">\n\t\t\t\t<div class=\"elementor-widget-container\">\n\t\t\t\t\t<h3 class=\"elementor-heading-title elementor-size-default\">Wie gro\u00df sollten Bilder im Wohnzimmer sein?<\/h3>\t\t\t\t<\/div>\n\t\t\t\t<\/div>\n\t\t\t\t\t<\/div>\n\t\t<\/div>\n\t\t\t\t\t<\/div>\n\t\t<\/section>\n\t\t\t\t<section class=\"elementor-section elementor-top-section elementor-element elementor-element-bc91a3e elementor-section-boxed elementor-section-height-default elementor-section-height-default\" data-id=\"bc91a3e\" data-element_type=\"section\">\n\t\t\t\t\t\t<div class=\"elementor-container elementor-column-gap-default\">\n\t\t\t\t\t<div class=\"elementor-column elementor-col-100 elementor-top-column elementor-element elementor-element-ea920cd\" data-id=\"ea920cd\" data-element_type=\"column\">\n\t\t\t<div class=\"elementor-widget-wrap elementor-element-populated\">\n\t\t\t\t\t\t<div class=\"elementor-element elementor-element-c983d3d elementor-widget elementor-widget-text-editor\" data-id=\"c983d3d\" data-element_type=\"widget\" data-widget_type=\"text-editor.default\">\n\t\t\t\t<div class=\"elementor-widget-container\">\n\t\t\t\t\t\t\t\t\t<p style=\"color: #3f3c3a;\">Die Gr\u00f6\u00dfe der Bilder in Relation zur Raumgr\u00f6\u00dfe und zur Gr\u00f6\u00dfe der M\u00f6bel ist entscheidend daf\u00fcr, ob eine Komposition stilvoll, \u00fcberladen oder verloren wirkt. Grob gesagt geh\u00f6ren in einen gro\u00dfen Raum mit hohen Decken auch wuchtigere M\u00f6bel und entsprechend gr\u00f6\u00dfere Gem\u00e4lde, in kleineren R\u00e4umen mit niedrigen Decken dagegen funktionieren kleinere Bilder besser.<\/p><p style=\"color: #3f3c3a;\">Falls Sie planen ein Bild oder eine Serie an Bildern \u00fcber ein zentrales M\u00f6belst\u00fcck, beispielsweise \u00fcber das Sofa zu h\u00e4ngen, besagt eine Daumenregel, dass die L\u00e4nge des Bildes etwa zwei Drittel der Sofal\u00e4nge betragen sollte. So ergibt sich eine harmonisches Gesamtkonzept.<\/p><p style=\"color: #3f3c3a;\">Um die passende Gr\u00f6\u00dfe eines Bildes f\u00fcr eine Wand im Allgemeinen zu finden, k\u00f6nnen Sie folgende Rechnung anstellen: Wandl\u00e4nge x 0,57. Die sogenannte Vier-Siebtel-Methode sorgt f\u00fcr die richtige Proportion auf einer leeren Wandfl\u00e4che \u2013 wohlgemerkt: die Wand sollte komplett frei sein, damit die Wirkung stimmt.<\/p>\t\t\t\t\t\t\t\t<\/div>\n\t\t\t\t<\/div>\n\t\t\t\t\t<\/div>\n\t\t<\/div>\n\t\t\t\t\t<\/div>\n\t\t<\/section>\n\t\t\t\t<section class=\"elementor-section elementor-top-section elementor-element elementor-element-e09444f elementor-section-boxed elementor-section-height-default elementor-section-height-default\" data-id=\"e09444f\" data-element_type=\"section\">\n\t\t\t\t\t\t<div class=\"elementor-container elementor-column-gap-default\">\n\t\t\t\t\t<div class=\"elementor-column elementor-col-100 elementor-top-column elementor-element elementor-element-dbadb93\" data-id=\"dbadb93\" data-element_type=\"column\">\n\t\t\t<div class=\"elementor-widget-wrap elementor-element-populated\">\n\t\t\t\t\t\t<div class=\"elementor-element elementor-element-2774b48 elementor-widget elementor-widget-heading\" data-id=\"2774b48\" data-element_type=\"widget\" data-widget_type=\"heading.default\">\n\t\t\t\t<div class=\"elementor-widget-container\">\n\t\t\t\t\t<h3 class=\"elementor-heading-title elementor-size-default\">Horizontale oder vertikale Wandbilder im Wohnzimmer?<\/h3>\t\t\t\t<\/div>\n\t\t\t\t<\/div>\n\t\t\t\t\t<\/div>\n\t\t<\/div>\n\t\t\t\t\t<\/div>\n\t\t<\/section>\n\t\t\t\t<section class=\"elementor-section elementor-top-section elementor-element elementor-element-66cc5ef elementor-section-boxed elementor-section-height-default elementor-section-height-default\" data-id=\"66cc5ef\" data-element_type=\"section\">\n\t\t\t\t\t\t<div class=\"elementor-container elementor-column-gap-default\">\n\t\t\t\t\t<div class=\"elementor-column elementor-col-100 elementor-top-column elementor-element elementor-element-4d2380f\" data-id=\"4d2380f\" data-element_type=\"column\">\n\t\t\t<div class=\"elementor-widget-wrap elementor-element-populated\">\n\t\t\t\t\t\t<div class=\"elementor-element elementor-element-88c0afa elementor-widget elementor-widget-text-editor\" data-id=\"88c0afa\" data-element_type=\"widget\" data-widget_type=\"text-editor.default\">\n\t\t\t\t<div class=\"elementor-widget-container\">\n\t\t\t\t\t\t\t\t\t<p><span style=\"color: #3f3c3a;\">Auch bei der Frage nach der Ausrichtung der Bilder kommt es auf die Relation zu den M\u00f6beln und der Raumgr\u00f6\u00dfe an. Vertikale Bilder betonen die H\u00f6he einer Wand und lassen sie schm\u00e4ler wirken. Es empfiehlt sich daher auf breitere Arrangements zu setzen und entweder ein horizontales Gem\u00e4lde zu w\u00e4hlen oder mehrere Bilder nebeneinander zu platzieren. An einer schmalen Wand dagegen, beispielsweise zwischen zwei Fenstern, passen vertikal ausgerichtete Bilder gut.<\/span><\/p>\t\t\t\t\t\t\t\t<\/div>\n\t\t\t\t<\/div>\n\t\t\t\t\t<\/div>\n\t\t<\/div>\n\t\t\t\t\t<\/div>\n\t\t<\/section>\n\t\t\t\t<section class=\"elementor-section elementor-top-section elementor-element elementor-element-d7896e5 elementor-section-boxed elementor-section-height-default elementor-section-height-default\" data-id=\"d7896e5\" data-element_type=\"section\">\n\t\t\t\t\t\t<div class=\"elementor-container elementor-column-gap-default\">\n\t\t\t\t\t<div class=\"elementor-column elementor-col-100 elementor-top-column elementor-element elementor-element-73fda1a\" data-id=\"73fda1a\" data-element_type=\"column\">\n\t\t\t<div class=\"elementor-widget-wrap elementor-element-populated\">\n\t\t\t\t\t\t<div class=\"elementor-element elementor-element-f4ec621 elementor-widget elementor-widget-heading\" data-id=\"f4ec621\" data-element_type=\"widget\" data-widget_type=\"heading.default\">\n\t\t\t\t<div class=\"elementor-widget-container\">\n\t\t\t\t\t<h3 class=\"elementor-heading-title elementor-size-default\">Wie finde ich den richtigen Platz f\u00fcr Bilder im Wohnzimmer?<\/h3>\t\t\t\t<\/div>\n\t\t\t\t<\/div>\n\t\t\t\t\t<\/div>\n\t\t<\/div>\n\t\t\t\t\t<\/div>\n\t\t<\/section>\n\t\t\t\t<section class=\"elementor-section elementor-top-section elementor-element elementor-element-222e1ce elementor-section-boxed elementor-section-height-default elementor-section-height-default\" data-id=\"222e1ce\" data-element_type=\"section\">\n\t\t\t\t\t\t<div class=\"elementor-container elementor-column-gap-default\">\n\t\t\t\t\t<div class=\"elementor-column elementor-col-100 elementor-top-column elementor-element elementor-element-1617707\" data-id=\"1617707\" data-element_type=\"column\">\n\t\t\t<div class=\"elementor-widget-wrap elementor-element-populated\">\n\t\t\t\t\t\t<div class=\"elementor-element elementor-element-634ca86 elementor-widget elementor-widget-text-editor\" data-id=\"634ca86\" data-element_type=\"widget\" data-widget_type=\"text-editor.default\">\n\t\t\t\t<div class=\"elementor-widget-container\">\n\t\t\t\t\t\t\t\t\t<p style=\"color: #3f3c3a;\">Der richtige Platz f\u00fcr ein Bild im Wohnzimmer h\u00e4ngt von verschiedenen Faktoren ab. Zum einen muss das Bild proportional zur Raumgr\u00f6\u00dfe und zu den M\u00f6beln passen, zum anderen soll das Bild zur Geltung kommen und seine Wirkung voll entfalten k\u00f6nnen. \u00dcberlegen Sie deshalb: Wo wirkt es in Ihrem Wohnzimmer kahl? Wo w\u00fcnschen Sie sich ein Bild? Wo soll Raum bleiben, damit das Wohnzimmer nicht zu \u00fcberladen wirkt?<\/p><p style=\"color: #3f3c3a;\">H\u00e4ngen Sie Lieblingsbilder so auf, dass Sie sie auch gut sehen k\u00f6nnen, das bedeutet nicht im R\u00fccken, sondern dort, wo es auch im Sitzen sichtbar ist. Kombinieren Sie Bilder, die zu klein sind, mit anderen Bildern, um eine angenehme proportionale Gr\u00f6\u00dfe zu erreichen. H\u00e4ngen Sie gro\u00dfe Bilder so auf, dass sie von ausreichend Freifl\u00e4che umgeben sind, um zur Geltung zu kommen. Weitere Faktoren k\u00f6nnen Licht- und Schattenverh\u00e4ltnisse, Beleuchtung, die N\u00e4he zu anderen M\u00f6belst\u00fccken oder Deko-Gegenst\u00e4nden sowie farbliche Kombinationen sein.<\/p>\t\t\t\t\t\t\t\t<\/div>\n\t\t\t\t<\/div>\n\t\t\t\t\t<\/div>\n\t\t<\/div>\n\t\t\t\t\t<\/div>\n\t\t<\/section>\n\t\t\t\t<section class=\"elementor-section elementor-top-section elementor-element elementor-element-22831a3 elementor-section-boxed elementor-section-height-default elementor-section-height-default\" data-id=\"22831a3\" data-element_type=\"section\">\n\t\t\t\t\t\t<div class=\"elementor-container elementor-column-gap-default\">\n\t\t\t\t\t<div class=\"elementor-column elementor-col-100 elementor-top-column elementor-element elementor-element-4c3d946\" data-id=\"4c3d946\" data-element_type=\"column\">\n\t\t\t<div class=\"elementor-widget-wrap elementor-element-populated\">\n\t\t\t\t\t\t<div class=\"elementor-element elementor-element-1951d9b elementor-widget elementor-widget-heading\" data-id=\"1951d9b\" data-element_type=\"widget\" id=\"modern-kunstloft\" data-widget_type=\"heading.default\">\n\t\t\t\t<div class=\"elementor-widget-container\">\n\t\t\t\t\t<h2 class=\"elementor-heading-title elementor-size-default\">Nicht nur f\u00fcrs Wohnzimmer: Moderne Bilder und Ideen von KunstLoft<\/h2>\t\t\t\t<\/div>\n\t\t\t\t<\/div>\n\t\t\t\t\t<\/div>\n\t\t<\/div>\n\t\t\t\t\t<\/div>\n\t\t<\/section>\n\t\t\t\t<section class=\"elementor-section elementor-top-section elementor-element elementor-element-2511789 elementor-section-boxed elementor-section-height-default elementor-section-height-default\" data-id=\"2511789\" data-element_type=\"section\">\n\t\t\t\t\t\t<div class=\"elementor-container elementor-column-gap-default\">\n\t\t\t\t\t<div class=\"elementor-column elementor-col-100 elementor-top-column elementor-element elementor-element-44e8321\" data-id=\"44e8321\" data-element_type=\"column\">\n\t\t\t<div class=\"elementor-widget-wrap elementor-element-populated\">\n\t\t\t\t\t\t<div class=\"elementor-element elementor-element-888261c elementor-widget elementor-widget-text-editor\" data-id=\"888261c\" data-element_type=\"widget\" data-widget_type=\"text-editor.default\">\n\t\t\t\t<div class=\"elementor-widget-container\">\n\t\t\t\t\t\t\t\t\t<p style=\"color: #3f3c3a;\">Was im Wohnzimmer funktioniert, gilt nicht nur f\u00fcrs Wohnzimmer. Auch im Schlafzimmer, B\u00fcro oder im Essbereich k\u00f6nnen Sie unsere Bilder-Tipps anwenden und so eine stimmungsvolle Atmosph\u00e4re ganz nach Ihrem eigenen Geschmack kreieren. Mehr Einrichtungsideen erhalten Sie in unserem Magazin:<\/p><ul style=\"color: #3f3c3a;\"><li><a href=\"https:\/\/www.kunstloft.ch\/magazin\/beruehmte-graffiti-kuenstler\/\">7 ber\u00fchmte Graffiti-K\u00fcnstler, die Sie kennen sollten<\/a><\/li><li><a href=\"https:\/\/www.kunstloft.ch\/magazin\/abstrakte-bilder-malen\/\">Anf\u00e4nger-Guide: Abstrakte Bilder malen<\/a><\/li><li><a href=\"https:\/\/www.kunstloft.ch\/magazin\/buero-dekorieren\/\">B\u00fcro dekorieren: Einrichtungsideen und Tipps<\/a><\/li><\/ul>\t\t\t\t\t\t\t\t<\/div>\n\t\t\t\t<\/div>\n\t\t\t\t\t<\/div>\n\t\t<\/div>\n\t\t\t\t\t<\/div>\n\t\t<\/section>\n\t\t\t\t<section class=\"elementor-section elementor-top-section elementor-element elementor-element-6b894e0 elementor-section-boxed elementor-section-height-default elementor-section-height-default\" data-id=\"6b894e0\" data-element_type=\"section\">\n\t\t\t\t\t\t<div class=\"elementor-container elementor-column-gap-default\">\n\t\t\t\t\t<div class=\"elementor-column elementor-col-100 elementor-top-column elementor-element elementor-element-e15377e\" data-id=\"e15377e\" data-element_type=\"column\">\n\t\t\t<div class=\"elementor-widget-wrap elementor-element-populated\">\n\t\t\t\t\t\t<div class=\"elementor-element elementor-element-a355002 elementor-widget elementor-widget-spacer\" data-id=\"a355002\" data-element_type=\"widget\" data-widget_type=\"spacer.default\">\n\t\t\t\t<div class=\"elementor-widget-container\">\n\t\t\t\t\t\t\t<div class=\"elementor-spacer\">\n\t\t\t<div class=\"elementor-spacer-inner\"><\/div>\n\t\t<\/div>\n\t\t\t\t\t\t<\/div>\n\t\t\t\t<\/div>\n\t\t\t\t\t<\/div>\n\t\t<\/div>\n\t\t\t\t\t<\/div>\n\t\t<\/section>\n\t\t\t\t<section class=\"elementor-section elementor-top-section elementor-element elementor-element-892352c elementor-section-boxed elementor-section-height-default elementor-section-height-default\" data-id=\"892352c\" data-element_type=\"section\">\n\t\t\t\t\t\t<div class=\"elementor-container elementor-column-gap-default\">\n\t\t\t\t\t<div class=\"elementor-column elementor-col-100 elementor-top-column elementor-element elementor-element-8270e68\" data-id=\"8270e68\" data-element_type=\"column\" data-settings=\"{&quot;background_background&quot;:&quot;classic&quot;}\">\n\t\t\t<div class=\"elementor-widget-wrap elementor-element-populated\">\n\t\t\t\t\t\t<div class=\"elementor-element elementor-element-e77772a elementor-widget elementor-widget-text-editor\" data-id=\"e77772a\" data-element_type=\"widget\" data-widget_type=\"text-editor.default\">\n\t\t\t\t<div class=\"elementor-widget-container\">\n\t\t\t\t\t\t\t\t\t<p><span style=\"color: #ccffff;\"><span style=\"font-weight: bolder;\">Bildnachweis:<\/span>\u00a0Beitragsbild: Photographee.eu \/ stock.adobe.com.; Bild 1: Photographee.eu \/ stock.adobe.com.; Bild 2: Photographee.eu \/ stock.adobe.com.; Bild 3: New Africa \/ stock.adobe.com.; Bild 4: Photographee.eu \/ stock.adobe.com.; Bild 5: \u00a9 KunstLoft; Bild 6: \u00a9 KunstLoft; Bild 7: \u00a9 KunstLoft; Bild 8: \u00a9 KunstLoft; Bild 9: \u00a9 KunstLoft<\/span><\/p>\t\t\t\t\t\t\t\t<\/div>\n\t\t\t\t<\/div>\n\t\t\t\t\t<\/div>\n\t\t<\/div>\n\t\t\t\t\t<\/div>\n\t\t<\/section>\n\t\t\t\t<\/div>\n\t\t","protected":false},"excerpt":{"rendered":"<p>Im Wohnzimmer verbringen Sie einen Hauptteil Ihrer Freizeit \u2013 zwischen Sofa und B\u00fccherregalen, Fernseher und Kaffeetisch sitzen Sie mit Ihren Freunden zusammen, entspannen in der Sonne oder genie\u00dfen ein Glas Wein. Umso wichtiger ist eine ansprechende Wandgestaltung Ihres Wohnzimmers. Wir geben Ihnen praktische Tipps und Ideen!<\/p>\n","protected":false},"author":4,"featured_media":325,"comment_status":"closed","ping_status":"closed","sticky":false,"template":"","format":"standard","meta":{"footnotes":""},"categories":[3],"tags":[],"class_list":["post-324","post","type-post","status-publish","format-standard","has-post-thumbnail","hentry","category-dekorieren-und-einrichten"],"yoast_head":"<!-- This site is optimized with the Yoast SEO plugin v26.2 - https:\/\/yoast.com\/wordpress\/plugins\/seo\/ -->\n<title>Bilder f\u00fcrs Wohnzimmer: Ideen &amp; Tipps zur Wandgestaltung<\/title>\n<meta name=\"description\" content=\"Welche Bilder im Wohnzimmer? Entdecken Sie vielf\u00e4ltige Ideen f\u00fcr eine moderne Wandgestaltung &amp; Tipps zu \u2713 Aufh\u00e4ngung \u2713 Farben \u2713 Motiven!\" \/>\n<meta name=\"robots\" content=\"index, follow, max-snippet:-1, max-image-preview:large, max-video-preview:-1\" \/>\n<link rel=\"canonical\" href=\"https:\/\/www.kunstloft.ch\/magazin\/bilder-wohnzimmer-ideen\/\" \/>\n<meta property=\"og:locale\" content=\"de_DE\" \/>\n<meta property=\"og:type\" content=\"article\" \/>\n<meta property=\"og:title\" content=\"Bilder f\u00fcrs Wohnzimmer: Ideen &amp; Tipps zur Wandgestaltung\" \/>\n<meta property=\"og:description\" content=\"Welche Bilder im Wohnzimmer? Entdecken Sie vielf\u00e4ltige Ideen f\u00fcr eine moderne Wandgestaltung &amp; Tipps zu \u2713 Aufh\u00e4ngung \u2713 Farben \u2713 Motiven!\" \/>\n<meta property=\"og:url\" content=\"https:\/\/www.kunstloft.ch\/magazin\/bilder-wohnzimmer-ideen\/\" \/>\n<meta property=\"og:site_name\" content=\"KUNSTLOFT\" \/>\n<meta property=\"article:publisher\" content=\"https:\/\/de-de.facebook.com\/kunstloft\/\" \/>\n<meta property=\"article:published_time\" content=\"2022-12-23T13:23:05+00:00\" \/>\n<meta property=\"article:modified_time\" content=\"2024-06-17T07:16:02+00:00\" \/>\n<meta property=\"og:image\" content=\"https:\/\/www.kunstloft.ch\/magazin\/wp-content\/uploads\/2022\/12\/wandgestaltung-modern-wohnzimmer-ideen.jpg\" \/>\n\t<meta property=\"og:image:width\" content=\"1000\" \/>\n\t<meta property=\"og:image:height\" content=\"666\" \/>\n\t<meta property=\"og:image:type\" content=\"image\/jpeg\" \/>\n<meta name=\"author\" content=\"Tamara\" \/>\n<meta name=\"twitter:card\" content=\"summary_large_image\" \/>\n<meta name=\"twitter:label1\" content=\"Geschrieben von\" \/>\n\t<meta name=\"twitter:data1\" content=\"Tamara\" \/>\n\t<meta name=\"twitter:label2\" content=\"Gesch\u00e4tzte Lesezeit\" \/>\n\t<meta name=\"twitter:data2\" content=\"16\u00a0Minuten\" \/>\n<script type=\"application\/ld+json\" class=\"yoast-schema-graph\">{\"@context\":\"https:\/\/schema.org\",\"@graph\":[{\"@type\":\"Article\",\"@id\":\"https:\/\/www.kunstloft.ch\/magazin\/bilder-wohnzimmer-ideen\/#article\",\"isPartOf\":{\"@id\":\"https:\/\/www.kunstloft.ch\/magazin\/bilder-wohnzimmer-ideen\/\"},\"author\":{\"name\":\"Tamara\",\"@id\":\"https:\/\/www.kunstloft.ch\/magazin\/#\/schema\/person\/8b496080ed5cd8a6f7fae542cb0c634b\"},\"headline\":\"Bilder f\u00fcrs Wohnzimmer: Ideen f\u00fcr eine moderne Wandgestaltung\",\"datePublished\":\"2022-12-23T13:23:05+00:00\",\"dateModified\":\"2024-06-17T07:16:02+00:00\",\"mainEntityOfPage\":{\"@id\":\"https:\/\/www.kunstloft.ch\/magazin\/bilder-wohnzimmer-ideen\/\"},\"wordCount\":2418,\"publisher\":{\"@id\":\"https:\/\/www.kunstloft.ch\/magazin\/#organization\"},\"image\":{\"@id\":\"https:\/\/www.kunstloft.ch\/magazin\/bilder-wohnzimmer-ideen\/#primaryimage\"},\"thumbnailUrl\":\"https:\/\/www.kunstloft.ch\/magazin\/wp-content\/uploads\/2022\/12\/wandgestaltung-modern-wohnzimmer-ideen.jpg\",\"articleSection\":[\"Dekorieren &amp; Einrichten\"],\"inLanguage\":\"de-CH\"},{\"@type\":\"WebPage\",\"@id\":\"https:\/\/www.kunstloft.ch\/magazin\/bilder-wohnzimmer-ideen\/\",\"url\":\"https:\/\/www.kunstloft.ch\/magazin\/bilder-wohnzimmer-ideen\/\",\"name\":\"Bilder f\u00fcrs Wohnzimmer: Ideen & Tipps zur Wandgestaltung\",\"isPartOf\":{\"@id\":\"https:\/\/www.kunstloft.ch\/magazin\/#website\"},\"primaryImageOfPage\":{\"@id\":\"https:\/\/www.kunstloft.ch\/magazin\/bilder-wohnzimmer-ideen\/#primaryimage\"},\"image\":{\"@id\":\"https:\/\/www.kunstloft.ch\/magazin\/bilder-wohnzimmer-ideen\/#primaryimage\"},\"thumbnailUrl\":\"https:\/\/www.kunstloft.ch\/magazin\/wp-content\/uploads\/2022\/12\/wandgestaltung-modern-wohnzimmer-ideen.jpg\",\"datePublished\":\"2022-12-23T13:23:05+00:00\",\"dateModified\":\"2024-06-17T07:16:02+00:00\",\"description\":\"Welche Bilder im Wohnzimmer? Entdecken Sie vielf\u00e4ltige Ideen f\u00fcr eine moderne Wandgestaltung & Tipps zu \u2713 Aufh\u00e4ngung \u2713 Farben \u2713 Motiven!\",\"breadcrumb\":{\"@id\":\"https:\/\/www.kunstloft.ch\/magazin\/bilder-wohnzimmer-ideen\/#breadcrumb\"},\"inLanguage\":\"de-CH\",\"potentialAction\":[{\"@type\":\"ReadAction\",\"target\":[\"https:\/\/www.kunstloft.ch\/magazin\/bilder-wohnzimmer-ideen\/\"]}]},{\"@type\":\"ImageObject\",\"inLanguage\":\"de-CH\",\"@id\":\"https:\/\/www.kunstloft.ch\/magazin\/bilder-wohnzimmer-ideen\/#primaryimage\",\"url\":\"https:\/\/www.kunstloft.ch\/magazin\/wp-content\/uploads\/2022\/12\/wandgestaltung-modern-wohnzimmer-ideen.jpg\",\"contentUrl\":\"https:\/\/www.kunstloft.ch\/magazin\/wp-content\/uploads\/2022\/12\/wandgestaltung-modern-wohnzimmer-ideen.jpg\",\"width\":1000,\"height\":666,\"caption\":\"Blue armchair with pillows standing next to wooden table with fresh apples in grey living room interior with decorative mirror and posters hanging on the wall and grey lounge with cushions\"},{\"@type\":\"BreadcrumbList\",\"@id\":\"https:\/\/www.kunstloft.ch\/magazin\/bilder-wohnzimmer-ideen\/#breadcrumb\",\"itemListElement\":[{\"@type\":\"ListItem\",\"position\":1,\"name\":\"Startseite\",\"item\":\"https:\/\/www.kunstloft.ch\/magazin\/\"},{\"@type\":\"ListItem\",\"position\":2,\"name\":\"Bilder f\u00fcrs Wohnzimmer: Ideen f\u00fcr eine moderne Wandgestaltung\"}]},{\"@type\":\"WebSite\",\"@id\":\"https:\/\/www.kunstloft.ch\/magazin\/#website\",\"url\":\"https:\/\/www.kunstloft.ch\/magazin\/\",\"name\":\"KUNSTLOFT\",\"description\":\"Magazin\",\"publisher\":{\"@id\":\"https:\/\/www.kunstloft.ch\/magazin\/#organization\"},\"potentialAction\":[{\"@type\":\"SearchAction\",\"target\":{\"@type\":\"EntryPoint\",\"urlTemplate\":\"https:\/\/www.kunstloft.ch\/magazin\/?s={search_term_string}\"},\"query-input\":{\"@type\":\"PropertyValueSpecification\",\"valueRequired\":true,\"valueName\":\"search_term_string\"}}],\"inLanguage\":\"de-CH\"},{\"@type\":\"Organization\",\"@id\":\"https:\/\/www.kunstloft.ch\/magazin\/#organization\",\"name\":\"KUNSTLOFT\",\"url\":\"https:\/\/www.kunstloft.ch\/magazin\/\",\"logo\":{\"@type\":\"ImageObject\",\"inLanguage\":\"de-CH\",\"@id\":\"https:\/\/www.kunstloft.ch\/magazin\/#\/schema\/logo\/image\/\",\"url\":\"https:\/\/www.kunstloft.ch\/magazin\/wp-content\/uploads\/2022\/08\/Logo-Kunstloft-512x512-1.png\",\"contentUrl\":\"https:\/\/www.kunstloft.ch\/magazin\/wp-content\/uploads\/2022\/08\/Logo-Kunstloft-512x512-1.png\",\"width\":512,\"height\":512,\"caption\":\"KUNSTLOFT\"},\"image\":{\"@id\":\"https:\/\/www.kunstloft.ch\/magazin\/#\/schema\/logo\/image\/\"},\"sameAs\":[\"https:\/\/de-de.facebook.com\/kunstloft\/\",\"https:\/\/www.instagram.com\/kunstloft\/?hl=de\"]},{\"@type\":\"Person\",\"@id\":\"https:\/\/www.kunstloft.ch\/magazin\/#\/schema\/person\/8b496080ed5cd8a6f7fae542cb0c634b\",\"name\":\"Tamara\",\"image\":{\"@type\":\"ImageObject\",\"inLanguage\":\"de-CH\",\"@id\":\"https:\/\/www.kunstloft.ch\/magazin\/#\/schema\/person\/image\/\",\"url\":\"https:\/\/secure.gravatar.com\/avatar\/b251b28608a27805bf72e77541901c0f6f936bb1c7093b9d83d4dca32892bfab?s=96&d=mm&r=g\",\"contentUrl\":\"https:\/\/secure.gravatar.com\/avatar\/b251b28608a27805bf72e77541901c0f6f936bb1c7093b9d83d4dca32892bfab?s=96&d=mm&r=g\",\"caption\":\"Tamara\"},\"sameAs\":[\"https:\/\/www.kunstloft.de\/\"],\"url\":\"https:\/\/www.kunstloft.ch\/magazin\/author\/tamara_f\/\"}]}<\/script>\n<!-- \/ Yoast SEO plugin. -->","yoast_head_json":{"title":"Bilder f\u00fcrs Wohnzimmer: Ideen & Tipps zur Wandgestaltung","description":"Welche Bilder im Wohnzimmer? Entdecken Sie vielf\u00e4ltige Ideen f\u00fcr eine moderne Wandgestaltung & Tipps zu \u2713 Aufh\u00e4ngung \u2713 Farben \u2713 Motiven!","robots":{"index":"index","follow":"follow","max-snippet":"max-snippet:-1","max-image-preview":"max-image-preview:large","max-video-preview":"max-video-preview:-1"},"canonical":"https:\/\/www.kunstloft.ch\/magazin\/bilder-wohnzimmer-ideen\/","og_locale":"de_DE","og_type":"article","og_title":"Bilder f\u00fcrs Wohnzimmer: Ideen & Tipps zur Wandgestaltung","og_description":"Welche Bilder im Wohnzimmer? Entdecken Sie vielf\u00e4ltige Ideen f\u00fcr eine moderne Wandgestaltung & Tipps zu \u2713 Aufh\u00e4ngung \u2713 Farben \u2713 Motiven!","og_url":"https:\/\/www.kunstloft.ch\/magazin\/bilder-wohnzimmer-ideen\/","og_site_name":"KUNSTLOFT","article_publisher":"https:\/\/de-de.facebook.com\/kunstloft\/","article_published_time":"2022-12-23T13:23:05+00:00","article_modified_time":"2024-06-17T07:16:02+00:00","og_image":[{"width":1000,"height":666,"url":"https:\/\/www.kunstloft.ch\/magazin\/wp-content\/uploads\/2022\/12\/wandgestaltung-modern-wohnzimmer-ideen.jpg","type":"image\/jpeg"}],"author":"Tamara","twitter_card":"summary_large_image","twitter_misc":{"Geschrieben von":"Tamara","Gesch\u00e4tzte Lesezeit":"16\u00a0Minuten"},"schema":{"@context":"https:\/\/schema.org","@graph":[{"@type":"Article","@id":"https:\/\/www.kunstloft.ch\/magazin\/bilder-wohnzimmer-ideen\/#article","isPartOf":{"@id":"https:\/\/www.kunstloft.ch\/magazin\/bilder-wohnzimmer-ideen\/"},"author":{"name":"Tamara","@id":"https:\/\/www.kunstloft.ch\/magazin\/#\/schema\/person\/8b496080ed5cd8a6f7fae542cb0c634b"},"headline":"Bilder f\u00fcrs Wohnzimmer: Ideen f\u00fcr eine moderne Wandgestaltung","datePublished":"2022-12-23T13:23:05+00:00","dateModified":"2024-06-17T07:16:02+00:00","mainEntityOfPage":{"@id":"https:\/\/www.kunstloft.ch\/magazin\/bilder-wohnzimmer-ideen\/"},"wordCount":2418,"publisher":{"@id":"https:\/\/www.kunstloft.ch\/magazin\/#organization"},"image":{"@id":"https:\/\/www.kunstloft.ch\/magazin\/bilder-wohnzimmer-ideen\/#primaryimage"},"thumbnailUrl":"https:\/\/www.kunstloft.ch\/magazin\/wp-content\/uploads\/2022\/12\/wandgestaltung-modern-wohnzimmer-ideen.jpg","articleSection":["Dekorieren &amp; Einrichten"],"inLanguage":"de-CH"},{"@type":"WebPage","@id":"https:\/\/www.kunstloft.ch\/magazin\/bilder-wohnzimmer-ideen\/","url":"https:\/\/www.kunstloft.ch\/magazin\/bilder-wohnzimmer-ideen\/","name":"Bilder f\u00fcrs Wohnzimmer: Ideen & Tipps zur Wandgestaltung","isPartOf":{"@id":"https:\/\/www.kunstloft.ch\/magazin\/#website"},"primaryImageOfPage":{"@id":"https:\/\/www.kunstloft.ch\/magazin\/bilder-wohnzimmer-ideen\/#primaryimage"},"image":{"@id":"https:\/\/www.kunstloft.ch\/magazin\/bilder-wohnzimmer-ideen\/#primaryimage"},"thumbnailUrl":"https:\/\/www.kunstloft.ch\/magazin\/wp-content\/uploads\/2022\/12\/wandgestaltung-modern-wohnzimmer-ideen.jpg","datePublished":"2022-12-23T13:23:05+00:00","dateModified":"2024-06-17T07:16:02+00:00","description":"Welche Bilder im Wohnzimmer? Entdecken Sie vielf\u00e4ltige Ideen f\u00fcr eine moderne Wandgestaltung & Tipps zu \u2713 Aufh\u00e4ngung \u2713 Farben \u2713 Motiven!","breadcrumb":{"@id":"https:\/\/www.kunstloft.ch\/magazin\/bilder-wohnzimmer-ideen\/#breadcrumb"},"inLanguage":"de-CH","potentialAction":[{"@type":"ReadAction","target":["https:\/\/www.kunstloft.ch\/magazin\/bilder-wohnzimmer-ideen\/"]}]},{"@type":"ImageObject","inLanguage":"de-CH","@id":"https:\/\/www.kunstloft.ch\/magazin\/bilder-wohnzimmer-ideen\/#primaryimage","url":"https:\/\/www.kunstloft.ch\/magazin\/wp-content\/uploads\/2022\/12\/wandgestaltung-modern-wohnzimmer-ideen.jpg","contentUrl":"https:\/\/www.kunstloft.ch\/magazin\/wp-content\/uploads\/2022\/12\/wandgestaltung-modern-wohnzimmer-ideen.jpg","width":1000,"height":666,"caption":"Blue armchair with pillows standing next to wooden table with fresh apples in grey living room interior with decorative mirror and posters hanging on the wall and grey lounge with cushions"},{"@type":"BreadcrumbList","@id":"https:\/\/www.kunstloft.ch\/magazin\/bilder-wohnzimmer-ideen\/#breadcrumb","itemListElement":[{"@type":"ListItem","position":1,"name":"Startseite","item":"https:\/\/www.kunstloft.ch\/magazin\/"},{"@type":"ListItem","position":2,"name":"Bilder f\u00fcrs Wohnzimmer: Ideen f\u00fcr eine moderne Wandgestaltung"}]},{"@type":"WebSite","@id":"https:\/\/www.kunstloft.ch\/magazin\/#website","url":"https:\/\/www.kunstloft.ch\/magazin\/","name":"KUNSTLOFT","description":"Magazin","publisher":{"@id":"https:\/\/www.kunstloft.ch\/magazin\/#organization"},"potentialAction":[{"@type":"SearchAction","target":{"@type":"EntryPoint","urlTemplate":"https:\/\/www.kunstloft.ch\/magazin\/?s={search_term_string}"},"query-input":{"@type":"PropertyValueSpecification","valueRequired":true,"valueName":"search_term_string"}}],"inLanguage":"de-CH"},{"@type":"Organization","@id":"https:\/\/www.kunstloft.ch\/magazin\/#organization","name":"KUNSTLOFT","url":"https:\/\/www.kunstloft.ch\/magazin\/","logo":{"@type":"ImageObject","inLanguage":"de-CH","@id":"https:\/\/www.kunstloft.ch\/magazin\/#\/schema\/logo\/image\/","url":"https:\/\/www.kunstloft.ch\/magazin\/wp-content\/uploads\/2022\/08\/Logo-Kunstloft-512x512-1.png","contentUrl":"https:\/\/www.kunstloft.ch\/magazin\/wp-content\/uploads\/2022\/08\/Logo-Kunstloft-512x512-1.png","width":512,"height":512,"caption":"KUNSTLOFT"},"image":{"@id":"https:\/\/www.kunstloft.ch\/magazin\/#\/schema\/logo\/image\/"},"sameAs":["https:\/\/de-de.facebook.com\/kunstloft\/","https:\/\/www.instagram.com\/kunstloft\/?hl=de"]},{"@type":"Person","@id":"https:\/\/www.kunstloft.ch\/magazin\/#\/schema\/person\/8b496080ed5cd8a6f7fae542cb0c634b","name":"Tamara","image":{"@type":"ImageObject","inLanguage":"de-CH","@id":"https:\/\/www.kunstloft.ch\/magazin\/#\/schema\/person\/image\/","url":"https:\/\/secure.gravatar.com\/avatar\/b251b28608a27805bf72e77541901c0f6f936bb1c7093b9d83d4dca32892bfab?s=96&d=mm&r=g","contentUrl":"https:\/\/secure.gravatar.com\/avatar\/b251b28608a27805bf72e77541901c0f6f936bb1c7093b9d83d4dca32892bfab?s=96&d=mm&r=g","caption":"Tamara"},"sameAs":["https:\/\/www.kunstloft.de\/"],"url":"https:\/\/www.kunstloft.ch\/magazin\/author\/tamara_f\/"}]}},"_links":{"self":[{"href":"https:\/\/www.kunstloft.ch\/magazin\/wp-json\/wp\/v2\/posts\/324","targetHints":{"allow":["GET"]}}],"collection":[{"href":"https:\/\/www.kunstloft.ch\/magazin\/wp-json\/wp\/v2\/posts"}],"about":[{"href":"https:\/\/www.kunstloft.ch\/magazin\/wp-json\/wp\/v2\/types\/post"}],"author":[{"embeddable":true,"href":"https:\/\/www.kunstloft.ch\/magazin\/wp-json\/wp\/v2\/users\/4"}],"replies":[{"embeddable":true,"href":"https:\/\/www.kunstloft.ch\/magazin\/wp-json\/wp\/v2\/comments?post=324"}],"version-history":[{"count":73,"href":"https:\/\/www.kunstloft.ch\/magazin\/wp-json\/wp\/v2\/posts\/324\/revisions"}],"predecessor-version":[{"id":46137,"href":"https:\/\/www.kunstloft.ch\/magazin\/wp-json\/wp\/v2\/posts\/324\/revisions\/46137"}],"wp:featuredmedia":[{"embeddable":true,"href":"https:\/\/www.kunstloft.ch\/magazin\/wp-json\/wp\/v2\/media\/325"}],"wp:attachment":[{"href":"https:\/\/www.kunstloft.ch\/magazin\/wp-json\/wp\/v2\/media?parent=324"}],"wp:term":[{"taxonomy":"category","embeddable":true,"href":"https:\/\/www.kunstloft.ch\/magazin\/wp-json\/wp\/v2\/categories?post=324"},{"taxonomy":"post_tag","embeddable":true,"href":"https:\/\/www.kunstloft.ch\/magazin\/wp-json\/wp\/v2\/tags?post=324"}],"curies":[{"name":"wp","href":"https:\/\/api.w.org\/{rel}","templated":true}]}}